{"id":92,"date":"2024-03-13T17:38:59","date_gmt":"2024-03-13T17:38:59","guid":{"rendered":"https:\/\/maramures.icu\/?p=92"},"modified":"2024-03-13T17:39:01","modified_gmt":"2024-03-13T17:39:01","slug":"un-episod-spectaculos-in-apelul-primarului-municipiului-baia-mare-catalin-chereches-la-curtea-de-apel-cluj","status":"publish","type":"post","link":"https:\/\/maramures.icu\/?p=92","title":{"rendered":"Un episod spectaculos \u00een apelul primarului municipiului Baia Mare, C\u0103t\u0103lin Chereche\u0219, la Curtea de Apel Cluj:"},"content":{"rendered":"<div style=\"margin-top: 0px; margin-bottom: 0px;\" class=\"sharethis-inline-share-buttons\" ><\/div>\n<p>I<strong>nstan\u021ba renun\u021b\u0103 la audierea martorilor \u0219i la excluderea probelor, \u00een timp ce inculpatul p\u0103r\u0103se\u0219te sala \u00een pauza de suspendare a \u0219edin\u021bei<\/strong><\/p>\n\n\n\n<p>Un articol detaliat \u0219i captivant publicat pe prestigiosul portal de \u0219tiri 2M News relateaz\u0103 un moment cu adev\u0103rat remarcabil \u0219i plin de tensiune care a avut loc \u00een cadrul apelului primarului municipiului Baia Mare, C\u0103t\u0103lin Chereche\u0219, \u00een procesul \u00een care acesta fusese condamnat la o pedeaps\u0103 de 5 ani de \u00eenchisoare pentru luare de mit\u0103. \u00centr-o dezvoltare surprinz\u0103toare, instan\u021ba a luat o decizie radical\u0103 la ultimul termen din data de 16 iunie 2023, refuz\u00e2nd s\u0103 mai audieze orice martor \u0219i s\u0103 mai exclud\u0103 orice prob\u0103 din dosar. \u00centr-un moment de suspans, edilul inculpat a p\u0103r\u0103sit sala \u00een timpul pauzei de suspendare a \u0219edin\u021bei, determinat\u0103 de recuzarea pre\u0219edintei completului.<\/p>\n\n\n\n<p>Dup\u0103 respingerea cererii de recuzare, \u0219edin\u021ba a continuat, \u00eens\u0103 completul compus din doi judec\u0103tori a constatat absen\u021ba inculpatului din sal\u0103. Avocatul s\u0103u, talentatul Alexandru R\u00ee\u0219ni\u021b\u0103, a explicat lipsa lui Chereche\u0219 declar\u00e2nd c\u0103 acesta &#8222;a fost nevoit s\u0103 plece&#8221;.<\/p>\n\n\n\n<p>Cu toate c\u0103 avocatul R\u00ee\u0219ni\u021b\u0103, membru al grupului de avoca\u021bi din cadrul Casei de a lipsit (cu men\u021biunea c\u0103 acesta a declarat c\u0103 nu \u0219tie motivele), a insistat ca martorii accepta\u021bi, la cererea ap\u0103r\u0103rii inculpatului, s\u0103 fie audia\u021bi, subliniind importan\u021ba crucial\u0103 a martorilor Liviu Bala \u0219i Radu \u021aola\u0219 \u00een dosar, \u0219i cu men\u021biunea c\u0103 procurorul DNA nu a ridicat obiec\u021bii \u00een aceast\u0103 privin\u021b\u0103, solicit\u00e2nd doar rechemarea lui Bala prin mandat de aducere, av\u00e2nd \u00een vedere c\u0103 acesta a evitat s\u0103 fie audiat pentru o perioad\u0103 considerabil\u0103 \u00een etapa de fond, completul a revizuit decizia ini\u021bial\u0103 (luat\u0103 cu cinci termene \u00een urm\u0103), care aprobase audierea celor 7 martori ceru\u021bi de Chereche\u0219 prin intermediul avoca\u021bilor s\u0103i.<\/p>\n\n\n\n<p>Astfel, s-a hot\u0103r\u00e2t c\u0103 Bala \u0219i \u021aola\u0219 nu vor mai fi audia\u021bi (ace\u0219tia fiind cita\u021bi de trei ori \u00een apel, dar absen\u021bi), pe motiv c\u0103 ace\u0219tia au fost deja audia\u021bi de dou\u0103 ori, \u00een mod exhaustiv, iar instan\u021ba are suficiente informa\u021bii cu privire la declara\u021biile lor din dosar. Ulterior, s-a discutat dac\u0103 ar fi util s\u0103 fie audia\u021bi ceilal\u021bi cinci martori ini\u021bial accepta\u021bi (cu men\u021biunea c\u0103 DNA a insistat pentru audierea martorilor Annamaria Somay \u0219i Erika Czigler, \u00een timp ce avocatul lui Chereche\u0219 a pledat pentru to\u021bi martorii). Decizia final\u0103 a fost&#8230; s\u0103 nu mai fie audia\u021bi niciun martor, justificat\u0103 prin principiul rezolv\u0103rii \u00eentr-un timp rezonabil al cauzei, av\u00e2nd \u00een vedere c\u0103 procesul se afl\u0103 pe rolul instan\u021bei \u00eenc\u0103 din 2016 (\u0219i c\u0103 mai sunt doar 307 zile p\u00e2n\u0103 la prescrierea penal\u0103 a faptei), \u0219i faptul c\u0103 to\u021bi martorii propu\u0219i au fost deja audia\u021bi \u00een faza de urm\u0103rire penal\u0103 \u0219i \u00een procesul de fond. Avocatul R\u00ee\u0219ni\u021b\u0103 a protestat vehement, f\u0103r\u0103 succes.<\/p>\n\n\n\n<p>Apoi, completul de judec\u0103tori a luat o alt\u0103 decizie \u0219ocant\u0103, resping\u00e2nd toate cererile avoca\u021bilor lui Chereche\u0219 de excludere din dosar a probelor efectuate de SRI, sus\u021bin\u00e2nd c\u0103 SRI a depus \u00een faza de urm\u0103rire penal\u0103 \u0219i \u00een procesul de fond documente care infirm\u0103 colaborarea cu DNA \u00een acest dosar. Avocatul R\u00ee\u0219ni\u021b\u0103 s-a infuriat, amenin\u021b\u00e2nd c\u0103 va solicita rezilierea contractului de asisten\u021b\u0103 juridic\u0103\/reprezentare a lui Chereche\u0219, deoarece consider\u0103 c\u0103 situa\u021bia din proces este o ru\u0219ine, exist\u00e2nd dovezi c\u0103 SRI ar fi redactat notele de redare (n.red., \u00eenregistr\u0103rilor audio realizate de martorul denun\u021b\u0103tor Cristian \u0218pan).<\/p>\n\n\n\n<p>R\u00ee\u0219ni\u021b\u0103 a cerut, de asemenea, instan\u021bei s\u0103 am\u00e2ne o decizie \u00een aceast\u0103 privin\u021b\u0103, pentru a permite \u0219i celorlal\u021bi avoca\u021bi angaja\u021bi de Chereche\u0219, de la SCA Chiri\u021b\u0103, s\u0103 fie prezen\u021bi \u00een sal\u0103. A men\u021bionat c\u0103 nu \u0219tie de ce ace\u0219tia nu sunt prezen\u021bi, dar a subliniat c\u0103 nimeni nu se a\u0219tepta ca instan\u021ba s\u0103 revin\u0103 \u0219i s\u0103 resping\u0103 toate probele ini\u021bial acceptate. Aceast\u0103 cerere a fost acceptat\u0103, urm\u00e2nd s\u0103 fie discutat\u0103 la urm\u0103torul termen de judecat\u0103, programat pe 14 septembrie 2023, la ora 10:00 (\u00eentruc\u00e2t perioada 1 iulie &#8211; 31 august reprezint\u0103 vacan\u021ba judec\u0103toreasc\u0103), c\u00e2nd nu a fost citat niciun martor, astfel \u00eenc\u00e2t \u0219edin\u021ba se va desf\u0103\u0219ura exclusiv \u00eentre procurorul DNA, inculpatul Chereche\u0219 \u0219i avoca\u021bii s\u0103i.<\/p>\n","protected":false},"excerpt":{"rendered":"<p>Instan\u021ba renun\u021b\u0103 la audierea martorilor \u0219i la excluderea probelor, \u00een timp ce inculpatul p\u0103r\u0103se\u0219te sala \u00een pauza de suspendare a \u0219edin\u021bei Un articol detaliat \u0219i captivant publicat pe prestigiosul portal de \u0219tiri 2M News relateaz\u0103 un moment cu adev\u0103rat remarcabil \u0219i plin de tensiune care a avut loc \u00een cadrul apelului primarului municipiului Baia Mare, [&hellip;]<\/p>\n","protected":false},"author":1,"featured_media":93,"comment_status":"open","ping_status":"closed","sticky":false,"template":"","format":"standard","meta":{"footnotes":""},"categories":[3,2,6],"tags":[],"class_list":["post-92","post","type-post","status-publish","format-standard","has-post-thumbnail","hentry","category-maramures","category-politica","category-stiri"],"_links":{"self":[{"href":"https:\/\/maramures.icu\/index.php?rest_route=\/wp\/v2\/posts\/92","targetHints":{"allow":["GET"]}}],"collection":[{"href":"https:\/\/maramures.icu\/index.php?rest_route=\/wp\/v2\/posts"}],"about":[{"href":"https:\/\/maramures.icu\/index.php?rest_route=\/wp\/v2\/types\/post"}],"author":[{"embeddable":true,"href":"https:\/\/maramures.icu\/index.php?rest_route=\/wp\/v2\/users\/1"}],"replies":[{"embeddable":true,"href":"https:\/\/maramures.icu\/index.php?rest_route=%2Fwp%2Fv2%2Fcomments&post=92"}],"version-history":[{"count":0,"href":"https:\/\/maramures.icu\/index.php?rest_route=\/wp\/v2\/posts\/92\/revisions"}],"wp:featuredmedia":[{"embeddable":true,"href":"https:\/\/maramures.icu\/index.php?rest_route=\/wp\/v2\/posts\/93"}],"wp:attachment":[{"href":"https:\/\/maramures.icu\/index.php?rest_route=%2Fwp%2Fv2%2Fmedia&parent=92"}],"wp:term":[{"taxonomy":"category","embeddable":true,"href":"https:\/\/maramures.icu\/index.php?rest_route=%2Fwp%2Fv2%2Fcategories&post=92"},{"taxonomy":"post_tag","embeddable":true,"href":"https:\/\/maramures.icu\/index.php?rest_route=%2Fwp%2Fv2%2Ftags&post=92"}],"curies":[{"name":"wp","href":"https:\/\/api.w.org\/{rel}","templated":true}]}}