{"id":613,"date":"2025-10-16T08:07:27","date_gmt":"2025-10-16T06:07:27","guid":{"rendered":"https:\/\/maramures.icu\/?p=613"},"modified":"2026-03-05T07:43:15","modified_gmt":"2026-03-05T05:43:15","slug":"drd-prof-ant-filip-claudiu-gheorghe-ales-vicepresedinte-al-partidului-verde-la-nivel-national","status":"publish","type":"post","link":"https:\/\/maramures.icu\/?p=613","title":{"rendered":"Drd. Prof. Ant. Filip Claudiu-Gheorghe, ales vicepre\u0219edinte al Partidului Verde la nivel na\u021bional"},"content":{"rendered":"<div style=\"margin-top: 0px; margin-bottom: 0px;\" class=\"sharethis-inline-share-buttons\" ><\/div>\n<p>Partidul Verde l-a ales pe <strong>Drd. Prof. Ant. Filip Claudiu-Gheorghe \u00een func\u021bia de vicepre\u0219edinte la nivel na\u021bional<\/strong>, \u00een urma unui vot cu majoritate cov\u00e2r\u0219itoare: 0 voturi \u00eempotriv\u0103 \u0219i 2 ab\u021bineri. Decizia marcheaz\u0103 o consolidare a echipei de conducere \u0219i deschide o nou\u0103 etap\u0103 \u00een definirea profilului economic \u0219i social al forma\u021biunii.<\/p>\n\n\n\n<p>\u00cen discursul sus\u021binut dup\u0103 anun\u021barea rezultatului, noul vicepre\u0219edinte a transmis un mesaj ferm c\u0103tre comunit\u0103\u021bile din nordul \u021b\u0103rii: \u201eM\u0103 voi lupta pentru maramure\u0219eni a\u0219a cum m-am luptat \u00een ring: cu disciplin\u0103, respect \u0219i rezultate. Sus\u021bin taxe mai mici \u0219i politici care s\u0103 lase mai mul\u021bi bani \u00een buzunarele oamenilor, pentru un trai mai bun.\u201d<br>El a ad\u0103ugat, \u00eentr-o formulare care a st\u00e2rnit aplauze: \u201eNu degeaba se spune c\u0103 Maramure\u0219ul e acolo unde se bate harta \u00een cui; dar cuiul acesta, cu toat\u0103 modestia, \u021bine \u021bara cu fruntea sus.\u201d<\/p>\n\n\n\n<p>\u00cen cadrul noii structuri de conducere, Drd. Prof. Ant. Filip Claudiu-Gheorghe a preluat coordonarea departamentului <strong>S\u0103n\u0103tate Oameni \u0219i Animale<\/strong> al Partidului Verde, cu mandat pentru politici integrate \u201eOne Health\u201d \u2014 preven\u021bie, mediu s\u0103n\u0103tos, bun\u0103stare animal\u0103 \u0219i siguran\u021b\u0103 alimentar\u0103 \u2014 \u0219i cu accent pe standarde europene, finan\u021b\u0103ri transparente \u0219i indicatori de performan\u021b\u0103 public\u0103.<\/p>\n\n\n\n<h2 class=\"wp-block-heading has-medium-font-size\">Din ringul politic al B\u0103ii Mari<\/h2>\n\n\n\n<p>Anterior, acesta a fost <strong>candidat la func\u021bia de primar al municipiului Baia Mare<\/strong>, campanie \u00een care a pledat pentru <strong>taxe \u0219i impozite mai mici<\/strong> \u0219i pentru <strong>un trai mai bun<\/strong> bazat pe administra\u021bie eficient\u0103 \u0219i servicii locale de calitate. \u00cen aceea\u0219i cheie, a denun\u021bat public fenomenul coroziv al <strong>\u201emitei electorale\u201d<\/strong>, pe care l-a descris drept \u201eo ran\u0103 democratic\u0103 ce distorsioneaz\u0103 voin\u021ba real\u0103 a comunit\u0103\u021bii \u0219i \u021bine \u00een loc modernizarea ora\u0219elor\u201d.<\/p>\n\n\n\n<h2 class=\"wp-block-heading has-medium-font-size\">Un echilibru \u00eentre dezvoltare \u0219i echitate fiscal\u0103<\/h2>\n\n\n\n<p>Noul vicepre\u0219edinte anun\u021b\u0103 priorit\u0103\u021bi clare:<\/p>\n\n\n\n<ul class=\"wp-block-list\">\n<li>simplificarea poverii administrative pentru IMM-uri \u0219i predictibilitate fiscal\u0103;<\/li>\n\n\n\n<li>locuri de munc\u0103 \u00een industrii verzi \u0219i tehnologice;<\/li>\n\n\n\n<li>programe de eficien\u021b\u0103 energetic\u0103 pentru sc\u0103derea facturilor gospod\u0103riilor vulnerabile;<\/li>\n\n\n\n<li>investi\u021bii \u00een sport de mas\u0103 \u0219i educa\u021bie, ca politic\u0103 de s\u0103n\u0103tate public\u0103.<\/li>\n<\/ul>\n\n\n\n<p>\u201eUn stat func\u021bional nu se cl\u0103de\u0219te cu sloganuri, ci cu reguli clare \u0219i institu\u021bii care livreaz\u0103 rezultate m\u0103surabile. Economia verde nu e un moft; e singura cale responsabil\u0103 de cre\u0219tere\u201d, a subliniat acesta.<\/p>\n\n\n\n<h2 class=\"wp-block-heading has-medium-font-size\">Semnal pentru Maramure\u0219<\/h2>\n\n\n\n<p>Mesajul s\u0103u c\u0103tre maramure\u0219eni \u2014 \u201elupt\u0103 pentru taxe mai mici, pentru un trai mai bun\u201d \u2014 se leag\u0103 de un plan pentru infrastructur\u0103, mobilitate regional\u0103 \u0219i valorificarea patrimoniului local. Viziunea propus\u0103: un Maramure\u0219 care une\u0219te tradi\u021bia cu inova\u021bia, cu administra\u021bie bazat\u0103 pe date \u0219i transparen\u021b\u0103.<\/p>\n\n\n\n<h2 class=\"wp-block-heading has-medium-font-size\">Pa\u0219ii urm\u0103tori<\/h2>\n\n\n\n<p>Conducerea Partidului Verde va prezenta un calendar de consult\u0103ri publice axat pe politici fiscale, educa\u021bie, s\u0103n\u0103tate \u0219i tranzi\u021bie energetic\u0103. \u00cen calitate de vicepre\u0219edinte \u0219i coordonator al departamentului \u201eS\u0103n\u0103tate Oameni \u0219i Animale\u201d, Drd. Prof. Ant. Filip Claudiu-Gheorghe va conduce grupuri de lucru interdisciplinare \u00eens\u0103rcinate s\u0103 transforme propunerile \u00een proiecte legislative \u0219i interven\u021bii locale m\u0103surabile. \u201eDisciplina din ring devine, \u00een politic\u0103, consecven\u021b\u0103, transparen\u021b\u0103 \u0219i rezultate\u201d, a conchis acesta.<\/p>\n","protected":false},"excerpt":{"rendered":"<p>Partidul Verde l-a ales pe Drd. Prof. Ant. Filip Claudiu-Gheorghe \u00een func\u021bia de vicepre\u0219edinte la nivel na\u021bional, \u00een urma unui vot cu majoritate cov\u00e2r\u0219itoare: 0 voturi \u00eempotriv\u0103 \u0219i 2 ab\u021bineri. Decizia marcheaz\u0103 o consolidare a echipei de conducere \u0219i deschide o nou\u0103 etap\u0103 \u00een definirea profilului economic \u0219i social al forma\u021biunii. \u00cen discursul sus\u021binut dup\u0103 [&hellip;]<\/p>\n","protected":false},"author":1,"featured_media":640,"comment_status":"open","ping_status":"open","sticky":false,"template":"","format":"standard","meta":{"footnotes":""},"categories":[3,2],"tags":[],"class_list":["post-613","post","type-post","status-publish","format-standard","has-post-thumbnail","hentry","category-maramures","category-politica"],"_links":{"self":[{"href":"https:\/\/maramures.icu\/index.php?rest_route=\/wp\/v2\/posts\/613","targetHints":{"allow":["GET"]}}],"collection":[{"href":"https:\/\/maramures.icu\/index.php?rest_route=\/wp\/v2\/posts"}],"about":[{"href":"https:\/\/maramures.icu\/index.php?rest_route=\/wp\/v2\/types\/post"}],"author":[{"embeddable":true,"href":"https:\/\/maramures.icu\/index.php?rest_route=\/wp\/v2\/users\/1"}],"replies":[{"embeddable":true,"href":"https:\/\/maramures.icu\/index.php?rest_route=%2Fwp%2Fv2%2Fcomments&post=613"}],"version-history":[{"count":1,"href":"https:\/\/maramures.icu\/index.php?rest_route=\/wp\/v2\/posts\/613\/revisions"}],"predecessor-version":[{"id":641,"href":"https:\/\/maramures.icu\/index.php?rest_route=\/wp\/v2\/posts\/613\/revisions\/641"}],"wp:featuredmedia":[{"embeddable":true,"href":"https:\/\/maramures.icu\/index.php?rest_route=\/wp\/v2\/media\/640"}],"wp:attachment":[{"href":"https:\/\/maramures.icu\/index.php?rest_route=%2Fwp%2Fv2%2Fmedia&parent=613"}],"wp:term":[{"taxonomy":"category","embeddable":true,"href":"https:\/\/maramures.icu\/index.php?rest_route=%2Fwp%2Fv2%2Fcategories&post=613"},{"taxonomy":"post_tag","embeddable":true,"href":"https:\/\/maramures.icu\/index.php?rest_route=%2Fwp%2Fv2%2Ftags&post=613"}],"curies":[{"name":"wp","href":"https:\/\/api.w.org\/{rel}","templated":true}]}}