{"id":572,"date":"2025-03-21T06:42:09","date_gmt":"2025-03-21T04:42:09","guid":{"rendered":"https:\/\/maramures.icu\/?p=572"},"modified":"2026-03-05T08:00:01","modified_gmt":"2026-03-05T06:00:01","slug":"elevii-din-baia-mare-stralucesc-la-olimpiada-de-pregatire-sportiva-teoretica-etapa-judeteana","status":"publish","type":"post","link":"https:\/\/maramures.icu\/?p=572","title":{"rendered":"Elevii din Baia Mare str\u0103lucesc la Olimpiada de Preg\u0103tire Sportiv\u0103 Teoretic\u0103 \u2013 Etapa jude\u021bean\u0103"},"content":{"rendered":"<div style=\"margin-top: 0px; margin-bottom: 0px;\" class=\"sharethis-inline-share-buttons\" ><\/div>\n<p><strong>Baia Mare, 7 martie 2025<\/strong> \u2013 Performan\u021b\u0103 de excep\u021bie pentru elevii pasiona\u021bi de educa\u021bie fizic\u0103 \u0219i sport din jude\u021bul Maramure\u0219, care s-au remarcat \u00een cadrul <strong>Olimpiadei de Preg\u0103tire Sportiv\u0103 Teoretic\u0103 \u2013 Etapa jude\u021bean\u0103<\/strong>, desf\u0103\u0219urat\u0103 \u00een Baia Mare. Competi\u021bia a adunat la start cei mai bine preg\u0103ti\u021bi elevi \u00een domeniul teoriei sportive, demonstr\u00e2nd c\u0103 sportul \u00eenseamn\u0103 nu doar abilit\u0103\u021bi fizice, ci \u0219i cuno\u0219tin\u021be teoretice solide.<\/p>\n\n\n\n<h3 class=\"wp-block-heading\">\ud83e\udd47 <strong>Locul I<\/strong><\/h3>\n\n\n\n<ul class=\"wp-block-list\">\n<li><strong>Ilcaci Drago\u0219 Alexandru Ionu\u021b<\/strong> \u2013 clasa a XII-a B<\/li>\n\n\n\n<li><strong>Bledea Mihaela Lorena<\/strong> \u2013 clasa a XI-a C<\/li>\n<\/ul>\n\n\n\n<p>Ace\u0219tia s-au distins printr-o cunoa\u0219tere temeinic\u0103 a anatomiei, fiziologiei, nutri\u021biei sportive, precum \u0219i a regulilor jocurilor sportive.<\/p>\n\n\n\n<h3 class=\"wp-block-heading\">\ud83e\udd48 <strong>Locul II<\/strong><\/h3>\n\n\n\n<ul class=\"wp-block-list\">\n<li><strong>\u021aifrac Iasmina<\/strong> \u2013 clasa a IX-a C<\/li>\n\n\n\n<li><strong>Rusnac Marian Mihai Vasile<\/strong> \u2013 clasa a XII-a B<\/li>\n\n\n\n<li><strong>Bledea Andreea Daria<\/strong> \u2013 clasa a XI-a C<\/li>\n<\/ul>\n\n\n\n<p>O presta\u021bie remarcabil\u0103 care arat\u0103 dedicarea \u0219i interesul tinerilor pentru domeniul sportului.<\/p>\n\n\n<div class=\"wp-block-image\">\n<figure class=\"alignleft size-full is-resized\"><img loading=\"lazy\" decoding=\"async\" width=\"600\" height=\"450\" src=\"https:\/\/maramures.icu\/wp-content\/uploads\/2025\/03\/19_n.jpg\" alt=\"\" class=\"wp-image-662\" style=\"width:254px;height:auto\" srcset=\"https:\/\/maramures.icu\/wp-content\/uploads\/2025\/03\/19_n.jpg 600w, https:\/\/maramures.icu\/wp-content\/uploads\/2025\/03\/19_n-300x225.jpg 300w\" sizes=\"auto, (max-width: 600px) 100vw, 600px\" \/><\/figure>\n<\/div>\n\n\n<h3 class=\"wp-block-heading\">\ud83e\udd49 <strong>Locul III<\/strong><\/h3>\n\n\n\n<ul class=\"wp-block-list\">\n<li><strong>Tr\u0103ist\u0103 Cristian Robert<\/strong> \u2013 clasa a XI-a C<\/li>\n\n\n\n<li><strong>\u021aifrac Debora<\/strong> \u2013 clasa a IX-a C<\/li>\n<\/ul>\n\n\n\n<p>Ace\u0219ti elevi au demonstrat o g\u00e2ndire analitic\u0103 \u0219i o abordare matur\u0103 asupra teoriei sportului.<\/p>\n\n\n\n<hr class=\"wp-block-separator has-alpha-channel-opacity\"\/>\n\n\n\n<h3 class=\"wp-block-heading\">\ud83d\udcda <strong>Despre Olimpiad\u0103<\/strong><\/h3>\n\n\n\n<p>Olimpiada de Preg\u0103tire Sportiv\u0103 Teoretic\u0103 este o competi\u021bie na\u021bional\u0103 ce urm\u0103re\u0219te evaluarea cuno\u0219tin\u021belor teoretice din domeniul educa\u021biei fizice \u0219i sportului, oferind elevilor oportunitatea de a-\u0219i valorifica pasiunea \u0219i studiul dincolo de sala de sport.<\/p>\n\n\n\n<p>Participarea numeroas\u0103 \u0219i rezultatele ob\u021binute confirm\u0103 implicarea profesorilor \u0219i elevilor \u00een promovarea unei educa\u021bii sportive complete, \u00een care teoria \u0219i practica se \u00eembin\u0103 armonios.<\/p>\n\n\n\n<hr class=\"wp-block-separator has-alpha-channel-opacity\"\/>\n\n\n\n<h3 class=\"wp-block-heading\">\ud83d\udd17 <strong>Felicit\u0103ri tuturor participan\u021bilor \u0219i cadrelor didactice care i-au \u00eendrumat!<\/strong><\/h3>\n\n\n\n<p>Aceast\u0103 reu\u0219it\u0103 aduce prestigiu jude\u021bului Maramure\u0219 \u0219i confirm\u0103 poten\u021bialul tinerilor pasiona\u021bi de sport.<\/p>\n\n\n\n<p><\/p>\n","protected":false},"excerpt":{"rendered":"<p>Baia Mare, 7 martie 2025 \u2013 Performan\u021b\u0103 de excep\u021bie pentru elevii pasiona\u021bi de educa\u021bie fizic\u0103 \u0219i sport din jude\u021bul Maramure\u0219, care s-au remarcat \u00een cadrul Olimpiadei de Preg\u0103tire Sportiv\u0103 Teoretic\u0103 \u2013 Etapa jude\u021bean\u0103, desf\u0103\u0219urat\u0103 \u00een Baia Mare. Competi\u021bia a adunat la start cei mai bine preg\u0103ti\u021bi elevi \u00een domeniul teoriei sportive, demonstr\u00e2nd c\u0103 sportul \u00eenseamn\u0103 [&hellip;]<\/p>\n","protected":false},"author":1,"featured_media":573,"comment_status":"open","ping_status":"open","sticky":false,"template":"","format":"standard","meta":{"footnotes":""},"categories":[8,3,6],"tags":[],"class_list":["post-572","post","type-post","status-publish","format-standard","has-post-thumbnail","hentry","category-cetateanul","category-maramures","category-stiri"],"_links":{"self":[{"href":"https:\/\/maramures.icu\/index.php?rest_route=\/wp\/v2\/posts\/572","targetHints":{"allow":["GET"]}}],"collection":[{"href":"https:\/\/maramures.icu\/index.php?rest_route=\/wp\/v2\/posts"}],"about":[{"href":"https:\/\/maramures.icu\/index.php?rest_route=\/wp\/v2\/types\/post"}],"author":[{"embeddable":true,"href":"https:\/\/maramures.icu\/index.php?rest_route=\/wp\/v2\/users\/1"}],"replies":[{"embeddable":true,"href":"https:\/\/maramures.icu\/index.php?rest_route=%2Fwp%2Fv2%2Fcomments&post=572"}],"version-history":[{"count":1,"href":"https:\/\/maramures.icu\/index.php?rest_route=\/wp\/v2\/posts\/572\/revisions"}],"predecessor-version":[{"id":663,"href":"https:\/\/maramures.icu\/index.php?rest_route=\/wp\/v2\/posts\/572\/revisions\/663"}],"wp:featuredmedia":[{"embeddable":true,"href":"https:\/\/maramures.icu\/index.php?rest_route=\/wp\/v2\/posts\/573"}],"wp:attachment":[{"href":"https:\/\/maramures.icu\/index.php?rest_route=%2Fwp%2Fv2%2Fmedia&parent=572"}],"wp:term":[{"taxonomy":"category","embeddable":true,"href":"https:\/\/maramures.icu\/index.php?rest_route=%2Fwp%2Fv2%2Fcategories&post=572"},{"taxonomy":"post_tag","embeddable":true,"href":"https:\/\/maramures.icu\/index.php?rest_route=%2Fwp%2Fv2%2Ftags&post=572"}],"curies":[{"name":"wp","href":"https:\/\/api.w.org\/{rel}","templated":true}]}}