{"id":521,"date":"2024-12-13T06:15:08","date_gmt":"2024-12-13T04:15:08","guid":{"rendered":"https:\/\/maramures.icu\/?p=521"},"modified":"2024-12-13T06:15:10","modified_gmt":"2024-12-13T04:15:10","slug":"romania-va-intra-in-spatiul-schengen-incepand-cu-1-ianuarie-2025","status":"publish","type":"post","link":"https:\/\/maramures.icu\/?p=521","title":{"rendered":"Rom\u00e2nia va intra \u00een Spa\u021biul Schengen \u00eencep\u00e2nd cu 1 ianuarie 2025"},"content":{"rendered":"<div style=\"margin-top: 0px; margin-bottom: 0px;\" class=\"sharethis-inline-share-buttons\" ><\/div>\n<p>Pe 11 decembrie 2024, mini\u0219trii de interne ai Uniunii Europene au decis oficial aderarea Rom\u00e2niei la Spa\u021biul Schengen, cu efect \u00eencep\u00e2nd din 1 ianuarie 2025. Aceast\u0103 decizie istoric\u0103 vine dup\u0103 ani de negocieri \u0219i eforturi diplomatice sus\u021binute.<\/p>\n\n\n\n<h3 class=\"wp-block-heading\"><strong>Beneficiile Ader\u0103rii<\/strong><\/h3>\n\n\n\n<ol start=\"1\" class=\"wp-block-list\">\n<li><strong>Libera circula\u021bie:<\/strong> Cet\u0103\u021benii rom\u00e2ni vor putea c\u0103l\u0103tori \u00een toate statele membre Schengen f\u0103r\u0103 controale la frontier\u0103, reduc\u00e2nd astfel timpul petrecut \u00een vam\u0103.<\/li>\n\n\n\n<li><strong>Dezvoltare economic\u0103:<\/strong> Eliminarea controalelor va facilita comer\u021bul \u0219i transportul de m\u0103rfuri, stimul\u00e2nd economia na\u021bional\u0103.<\/li>\n\n\n\n<li><strong>Investi\u021bii externe:<\/strong> Stabilitatea \u0219i statutul consolidat \u00een UE vor atrage noi investi\u021bii str\u0103ine.<\/li>\n\n\n\n<li><strong>Colaborare european\u0103:<\/strong> Rom\u00e2nia va putea participa mai activ la politica de securitate \u0219i cooperare la nivel european.<\/li>\n<\/ol>\n\n\n\n<h3 class=\"wp-block-heading\"><strong>P\u0103reri Pro \u0219i Contra<\/strong><\/h3>\n\n\n\n<h4 class=\"wp-block-heading\"><strong>Pro:<\/strong><\/h4>\n\n\n\n<ul class=\"wp-block-list\">\n<li><strong>Oficiali rom\u00e2ni:<\/strong> Premierul Rom\u00e2niei a declarat c\u0103 aceast\u0103 aderare \u201ereprezint\u0103 un pas decisiv c\u0103tre integrarea deplin\u0103 \u00een Uniunea European\u0103.\u201d<\/li>\n\n\n\n<li><strong>Anali\u0219ti economici:<\/strong> Exper\u021bii prev\u0103d o cre\u0219tere semnificativ\u0103 a PIB-ului datorit\u0103 fluidiz\u0103rii schimburilor comerciale.<\/li>\n\n\n\n<li><strong>Companii de transport:<\/strong> Transportatorii interna\u021bionali salut\u0103 eliminarea controalelor, care vor reduce costurile \u0219i timpul de livrare.<\/li>\n<\/ul>\n\n\n\n<h4 class=\"wp-block-heading\"><strong>Contra:<\/strong><\/h4>\n\n\n\n<ul class=\"wp-block-list\">\n<li><strong>Critici interna\u021bionali:<\/strong> Anumi\u021bi politicieni europeni au exprimat \u00eengrijor\u0103ri legate de controlul frontierelor externe ale UE.<\/li>\n\n\n\n<li><strong>Societatea civil\u0103:<\/strong> Unele organiza\u021bii de mediu au avertizat asupra posibilului impact al cre\u0219terii transporturilor asupra mediului.<\/li>\n\n\n\n<li><strong>Partide na\u021bionaliste:<\/strong> Grupuri eurosceptice au afirmat c\u0103 aderarea ar putea aduce riscuri de securitate crescute.<\/li>\n<\/ul>\n\n\n\n<p>Decizia de aderare a fost salutat\u0103 de principalele institu\u021bii europene, iar pre\u0219edintele Comisiei Europene a subliniat c\u0103 \u201eun Spa\u021biu Schengen extins \u00eenseamn\u0103 o Europ\u0103 mai unit\u0103 \u0219i mai puternic\u0103.\u201d Urm\u0103torii pa\u0219i includ ajust\u0103ri tehnice pentru integrarea sistemelor informatice de control la frontier\u0103 \u0219i adaptarea infrastructurii din punctele de trecere.<\/p>\n\n\n\n<p>Aderarea Rom\u00e2niei la Spa\u021biul Schengen marcheaz\u0103 un moment important \u00een parcursul s\u0103u european, aduc\u00e2nd schimb\u0103ri semnificative pentru cet\u0103\u021beni \u0219i economia na\u021bional\u0103.<\/p>\n\n\n\n<h3 class=\"wp-block-heading\"><strong>Provoc\u0103rile Post-Aderare<\/strong><\/h3>\n\n\n\n<ol start=\"1\" class=\"wp-block-list\">\n<li><strong>Gestionarea frontierelor externe:<\/strong> Rom\u00e2nia va trebui s\u0103 asigure o securitate sporit\u0103 la grani\u021bele sale externe, conform standardelor europene.<\/li>\n\n\n\n<li><strong>Modernizarea infrastructurii:<\/strong> Este necesar\u0103 continuarea investi\u021biilor \u00een infrastructura de transport pentru a face fa\u021b\u0103 fluxului crescut de m\u0103rfuri \u0219i pasageri.<\/li>\n\n\n\n<li><strong>Coordonarea european\u0103:<\/strong> Rom\u00e2nia va colabora \u00eendeaproape cu alte state membre pentru a gestiona fluxurile migratorii \u0219i a combate criminalitatea transfrontalier\u0103.<\/li>\n<\/ol>\n\n\n\n<p>\u00cen concluzie, aderarea la Spa\u021biul Schengen reprezint\u0103 o oportunitate major\u0103 pentru Rom\u00e2nia, dar implic\u0103 \u0219i responsabilit\u0103\u021bi semnificative pentru a men\u021bine standardele europene de securitate \u0219i cooperare.<\/p>\n\n\n\n<p>Voi ce crede\u021bi?<\/p>\n","protected":false},"excerpt":{"rendered":"<p>Pe 11 decembrie 2024, mini\u0219trii de interne ai Uniunii Europene au decis oficial aderarea Rom\u00e2niei la Spa\u021biul Schengen, cu efect \u00eencep\u00e2nd din 1 ianuarie 2025. Aceast\u0103 decizie istoric\u0103 vine dup\u0103 ani de negocieri \u0219i eforturi diplomatice sus\u021binute. Beneficiile Ader\u0103rii P\u0103reri Pro \u0219i Contra Pro: Contra: Decizia de aderare a fost salutat\u0103 de principalele institu\u021bii europene, [&hellip;]<\/p>\n","protected":false},"author":1,"featured_media":522,"comment_status":"open","ping_status":"open","sticky":false,"template":"","format":"standard","meta":{"footnotes":""},"categories":[3,6],"tags":[],"class_list":["post-521","post","type-post","status-publish","format-standard","has-post-thumbnail","hentry","category-maramures","category-stiri"],"_links":{"self":[{"href":"https:\/\/maramures.icu\/index.php?rest_route=\/wp\/v2\/posts\/521","targetHints":{"allow":["GET"]}}],"collection":[{"href":"https:\/\/maramures.icu\/index.php?rest_route=\/wp\/v2\/posts"}],"about":[{"href":"https:\/\/maramures.icu\/index.php?rest_route=\/wp\/v2\/types\/post"}],"author":[{"embeddable":true,"href":"https:\/\/maramures.icu\/index.php?rest_route=\/wp\/v2\/users\/1"}],"replies":[{"embeddable":true,"href":"https:\/\/maramures.icu\/index.php?rest_route=%2Fwp%2Fv2%2Fcomments&post=521"}],"version-history":[{"count":0,"href":"https:\/\/maramures.icu\/index.php?rest_route=\/wp\/v2\/posts\/521\/revisions"}],"wp:featuredmedia":[{"embeddable":true,"href":"https:\/\/maramures.icu\/index.php?rest_route=\/wp\/v2\/posts\/522"}],"wp:attachment":[{"href":"https:\/\/maramures.icu\/index.php?rest_route=%2Fwp%2Fv2%2Fmedia&parent=521"}],"wp:term":[{"taxonomy":"category","embeddable":true,"href":"https:\/\/maramures.icu\/index.php?rest_route=%2Fwp%2Fv2%2Fcategories&post=521"},{"taxonomy":"post_tag","embeddable":true,"href":"https:\/\/maramures.icu\/index.php?rest_route=%2Fwp%2Fv2%2Ftags&post=521"}],"curies":[{"name":"wp","href":"https:\/\/api.w.org\/{rel}","templated":true}]}}