{"id":518,"date":"2024-12-07T08:18:58","date_gmt":"2024-12-07T06:18:58","guid":{"rendered":"https:\/\/maramures.icu\/?p=518"},"modified":"2024-12-07T08:19:21","modified_gmt":"2024-12-07T06:19:21","slug":"reluarea-alegerilor-prezidentiale-calendar-si-proceduri-anuntate-de-guvernul-romaniei","status":"publish","type":"post","link":"https:\/\/maramures.icu\/?p=518","title":{"rendered":"Reluarea Alegerilor Preziden\u021biale: Calendar \u0219i Proceduri Anun\u021bate de Guvernul Rom\u00e2niei"},"content":{"rendered":"<div style=\"margin-top: 0px; margin-bottom: 0px;\" class=\"sharethis-inline-share-buttons\" ><\/div>\n<p><strong>Bucure\u0219ti, 7 decembrie 2024<\/strong> \u2013 Dup\u0103 decizia istoric\u0103 a Cur\u021bii Constitu\u021bionale de anulare a alegerilor preziden\u021biale din 2024, Guvernul Rom\u00e2niei a anun\u021bat calendarul detaliat pentru organizarea unui nou scrutin preziden\u021bial. Autorit\u0103\u021bile au stabilit m\u0103suri stricte pentru asigurarea corectitudinii procesului electoral, \u00een vederea restabilirii \u00eencrederii publice \u00een institu\u021biile statului.<\/p>\n\n\n\n<h3 class=\"wp-block-heading\"><strong>Calendarul Alegerilor Preziden\u021biale<\/strong><\/h3>\n\n\n\n<p>Conform Hot\u0103r\u00e2rii de Guvern adoptate \u00een \u0219edin\u021ba extraordinar\u0103 de s\u00e2mb\u0103t\u0103 diminea\u021b\u0103, noul proces electoral se va desf\u0103\u0219ura \u00een urm\u0103toarele etape:<\/p>\n\n\n\n<ol class=\"wp-block-list\">\n<li><strong>Stabilirea Datei Alegerilor<\/strong>:<br>Data primului tur al alegerilor preziden\u021biale a fost stabilit\u0103 pentru <strong>duminic\u0103, 17 martie 2025<\/strong>, urm\u00e2nd ca cel de-al doilea tur, dac\u0103 va fi necesar, s\u0103 aib\u0103 loc pe <strong>31 martie 2025<\/strong>.<\/li>\n\n\n\n<li><strong>Depunerea Candidaturilor<\/strong>:<br>Perioada de depunere a candidaturilor va fi deschis\u0103 \u00eencep\u00e2nd cu <strong>15 decembrie 2024<\/strong> \u0219i se va \u00eencheia pe <strong>15 ianuarie 2025<\/strong>. Partidele politice \u0219i candida\u021bii independen\u021bi trebuie s\u0103 depun\u0103 documenta\u021bia complet\u0103, inclusiv declara\u021bii financiare transparente.<\/li>\n\n\n\n<li><strong>Campania Electoral\u0103<\/strong>:<br>Campania electoral\u0103 oficial\u0103 se va desf\u0103\u0219ura \u00eentre <strong>1 februarie \u0219i 15 martie 2025<\/strong>, cu un accent deosebit pe transparen\u021ba materialelor de promovare \u0219i corectitudinea mesajelor politice. Platformele digitale vor fi monitorizate strict de Autoritatea Electoral\u0103 Permanent\u0103 (AEP), iar toate reclamele politice trebuie s\u0103 fie clar marcate \u0219i s\u0103 respecte legisla\u021bia na\u021bional\u0103 \u0219i european\u0103.<\/li>\n\n\n\n<li><strong>Desf\u0103\u0219urarea Votului<\/strong>:<br>Sec\u021biile de votare vor fi deschise \u00eentre orele <strong>7:00 \u0219i 21:00<\/strong> \u00een zilele stabilite. Votul \u00een diaspora se va desf\u0103\u0219ura pe parcursul a trei zile pentru a facilita participarea aleg\u0103torilor din afara grani\u021belor.<\/li>\n<\/ol>\n\n\n\n<hr class=\"wp-block-separator has-alpha-channel-opacity\"\/>\n\n\n\n<h3 class=\"wp-block-heading\"><strong>Noi M\u0103suri de Securitate Electoral\u0103<\/strong><\/h3>\n\n\n\n<p>Pentru a preveni noi abuzuri, Guvernul a introdus m\u0103suri suplimentare de securitate electoral\u0103, \u00een conformitate cu recomand\u0103rile Comisiei de la Vene\u021bia:<\/p>\n\n\n\n<ul class=\"wp-block-list\">\n<li><strong>Transparen\u021ba Finan\u021b\u0103rii Campaniilor<\/strong>: To\u021bi candida\u021bii sunt obliga\u021bi s\u0103 publice lunar rapoarte detaliate privind cheltuielile de campanie, auditate de firme independente.<\/li>\n\n\n\n<li><strong>Supravegherea Platformelor Digitale<\/strong>: Campaniile electorale desf\u0103\u0219urate online vor fi monitorizate de o echip\u0103 mixt\u0103 format\u0103 din exper\u021bi \u00een securitate cibernetic\u0103, reprezentan\u021bi ai AEP \u0219i ai Consiliului Na\u021bional al Audiovizualului.<\/li>\n\n\n\n<li><strong>Combaterea Dezinform\u0103rii<\/strong>: Un grup de lucru guvernamental va colabora cu platformele de social-media pentru a identifica \u0219i elimina rapid con\u021binuturile false \u0219i manipulatoare.<\/li>\n\n\n\n<li><strong>Siguran\u021ba Procesului Electoral<\/strong>: Ministerul Afacerilor Interne \u0219i Serviciul Rom\u00e2n de Informa\u021bii vor coordona eforturile de securizare a infrastructurii electorale.<\/li>\n<\/ul>\n\n\n\n<hr class=\"wp-block-separator has-alpha-channel-opacity\"\/>\n\n\n\n<h3 class=\"wp-block-heading\"><strong>Ce Urmeaz\u0103<\/strong><\/h3>\n\n\n\n<p>Guvernul a anun\u021bat c\u0103 toate detaliile privind procedurile electorale vor fi publicate pe site-urile oficiale ale institu\u021biilor responsabile. De asemenea, vor fi lansate campanii publice de informare pentru a asigura o participare c\u00e2t mai larg\u0103 a cet\u0103\u021benilor.<\/p>\n\n\n\n<p>Premierul Rom\u00e2niei a declarat c\u0103 <strong>\u201enoua organizare a alegerilor preziden\u021biale va fi exemplar\u0103, transparent\u0103 \u0219i \u00een deplin acord cu standardele democratice europene\u201d<\/strong>, subliniind c\u0103 Guvernul \u00ee\u0219i asum\u0103 r\u0103spunderea pentru desf\u0103\u0219urarea corect\u0103 \u0219i legal\u0103 a scrutinului.<\/p>\n\n\n\n<p>Astfel, urm\u0103toarele trei luni se anun\u021b\u0103 decisive pentru stabilirea viitorului politic al Rom\u00e2niei, \u00een contextul unei situa\u021bii f\u0103r\u0103 precedent \u00een istoria democratic\u0103 a \u021b\u0103rii.<\/p>\n","protected":false},"excerpt":{"rendered":"<p>Bucure\u0219ti, 7 decembrie 2024 \u2013 Dup\u0103 decizia istoric\u0103 a Cur\u021bii Constitu\u021bionale de anulare a alegerilor preziden\u021biale din 2024, Guvernul Rom\u00e2niei a anun\u021bat calendarul detaliat pentru organizarea unui nou scrutin preziden\u021bial. Autorit\u0103\u021bile au stabilit m\u0103suri stricte pentru asigurarea corectitudinii procesului electoral, \u00een vederea restabilirii \u00eencrederii publice \u00een institu\u021biile statului. Calendarul Alegerilor Preziden\u021biale Conform Hot\u0103r\u00e2rii de Guvern [&hellip;]<\/p>\n","protected":false},"author":1,"featured_media":519,"comment_status":"open","ping_status":"open","sticky":false,"template":"","format":"standard","meta":{"footnotes":""},"categories":[3,2,6],"tags":[],"class_list":["post-518","post","type-post","status-publish","format-standard","has-post-thumbnail","hentry","category-maramures","category-politica","category-stiri"],"_links":{"self":[{"href":"https:\/\/maramures.icu\/index.php?rest_route=\/wp\/v2\/posts\/518","targetHints":{"allow":["GET"]}}],"collection":[{"href":"https:\/\/maramures.icu\/index.php?rest_route=\/wp\/v2\/posts"}],"about":[{"href":"https:\/\/maramures.icu\/index.php?rest_route=\/wp\/v2\/types\/post"}],"author":[{"embeddable":true,"href":"https:\/\/maramures.icu\/index.php?rest_route=\/wp\/v2\/users\/1"}],"replies":[{"embeddable":true,"href":"https:\/\/maramures.icu\/index.php?rest_route=%2Fwp%2Fv2%2Fcomments&post=518"}],"version-history":[{"count":0,"href":"https:\/\/maramures.icu\/index.php?rest_route=\/wp\/v2\/posts\/518\/revisions"}],"wp:featuredmedia":[{"embeddable":true,"href":"https:\/\/maramures.icu\/index.php?rest_route=\/wp\/v2\/posts\/519"}],"wp:attachment":[{"href":"https:\/\/maramures.icu\/index.php?rest_route=%2Fwp%2Fv2%2Fmedia&parent=518"}],"wp:term":[{"taxonomy":"category","embeddable":true,"href":"https:\/\/maramures.icu\/index.php?rest_route=%2Fwp%2Fv2%2Fcategories&post=518"},{"taxonomy":"post_tag","embeddable":true,"href":"https:\/\/maramures.icu\/index.php?rest_route=%2Fwp%2Fv2%2Ftags&post=518"}],"curies":[{"name":"wp","href":"https:\/\/api.w.org\/{rel}","templated":true}]}}