{"id":479,"date":"2024-11-06T16:42:20","date_gmt":"2024-11-06T16:42:20","guid":{"rendered":"https:\/\/maramures.icu\/?p=479"},"modified":"2024-11-06T16:58:42","modified_gmt":"2024-11-06T16:58:42","slug":"un-viitor-mai-sigur-si-mai-prosper-pentru-toti","status":"publish","type":"post","link":"https:\/\/maramures.icu\/?p=479","title":{"rendered":"Un viitor mai sigur \u0219i mai prosper pentru to\u021bi"},"content":{"rendered":"<div style=\"margin-top: 0px; margin-bottom: 0px;\" class=\"sharethis-inline-share-buttons\" ><\/div>\n<p><strong>Dragi cet\u0103\u021beni,<\/strong><\/p>\n\n\n\n<p>Ast\u0103zi, am onoarea de a v\u0103 vorbi despre un vis pe care \u00eel \u00eemp\u0103rt\u0103\u0219im cu to\u021bii: un viitor mai sigur, mai echitabil \u0219i mai prosper pentru noi \u0219i pentru copiii no\u0219tri. C\u00e2nd am decis s\u0103 candidez la Senat, am f\u0103cut acest pas cu un scop clar: s\u0103 fiu o voce puternic\u0103 \u0219i onest\u0103 \u00een slujba oamenilor. Sunt aici pentru c\u0103 am convingerea c\u0103, indiferent de provoc\u0103ri, putem construi o \u021bar\u0103 mai bun\u0103, dac\u0103 r\u0103m\u00e2nem uni\u021bi \u0219i lucr\u0103m \u00eempreun\u0103.<\/p>\n\n\n\n<p>Pentru a atinge acest ideal, este esen\u021bial s\u0103 avem legi care s\u0103 r\u0103spund\u0103 nevoilor reale ale comunit\u0103\u021bilor noastre, solu\u021bii practice \u0219i lideri care s\u0103 asculte cu adev\u0103rat. Viziunea mea este simpl\u0103, dar fundamentat\u0103 pe priorit\u0103\u021bi esen\u021biale: educa\u021bie de calitate, s\u0103n\u0103tate accesibil\u0103 \u0219i o economie care aduce beneficii pentru to\u021bi cet\u0103\u021benii.<\/p>\n\n\n\n<h3 class=\"wp-block-heading\">Educa\u021bie de calitate<\/h3>\n\n\n\n<blockquote class=\"wp-block-quote is-layout-flow wp-block-quote-is-layout-flow\">\n<p>\u00cen calitate de senator, m\u0103 voi lupta pentru resurse mai bune \u00een \u0219coli \u0219i pentru sus\u021binerea cadrelor didactice. \u0218tiu c\u0103 o educa\u021bie solid\u0103 este baza unei societ\u0103\u021bi puternice \u0219i prospere. F\u0103r\u0103 o investi\u021bie real\u0103 \u00een educa\u021bie, nu putem spera la un viitor mai bun.<\/p>\n<\/blockquote>\n\n\n\n<h3 class=\"wp-block-heading\">S\u0103n\u0103tate accesibil\u0103 pentru to\u021bi<\/h3>\n\n\n\n<blockquote class=\"wp-block-quote is-layout-flow wp-block-quote-is-layout-flow\">\n<p>S\u0103n\u0103tatea nu trebuie s\u0103 fie un privilegiu. Trebuie s\u0103 fie un drept al fiec\u0103rui cet\u0103\u021bean. \u00cen acest sens, voi sus\u021bine m\u0103suri concrete pentru \u00eembun\u0103t\u0103\u021birea sistemului medical, astfel \u00eenc\u00e2t to\u021bi cet\u0103\u021benii s\u0103 aib\u0103 acces la tratamente \u0219i servicii de calitate, indiferent de v\u00e2rst\u0103 sau de venit.<\/p>\n<\/blockquote>\n\n\n\n<h3 class=\"wp-block-heading\">Economia pentru to\u021bi<\/h3>\n\n\n\n<blockquote class=\"wp-block-quote is-layout-flow wp-block-quote-is-layout-flow\">\n<p>Un viitor prosper \u00eenseamn\u0103 o economie care s\u0103 aduc\u0103 beneficii tuturor. Prin politici care \u00eencurajeaz\u0103 investi\u021biile, crearea de locuri de munc\u0103 \u0219i sus\u021binerea antreprenorilor locali, putem crea o economie robust\u0103, care s\u0103 serveasc\u0103 intereselor cet\u0103\u021benilor \u0219i s\u0103 ofere oportunit\u0103\u021bi reale fiec\u0103ruia.<\/p>\n<\/blockquote>\n\n\n\n<h3 class=\"wp-block-heading\">O voce pentru fiecare cet\u0103\u021bean<\/h3>\n\n\n\n<blockquote class=\"wp-block-quote is-layout-flow wp-block-quote-is-layout-flow\">\n<p>\u0218tiu c\u0103 mul\u021bi dintre voi sim\u021bi\u021bi c\u0103 vocea voastr\u0103 nu este auzit\u0103. Am fost \u0219i eu acolo, ca simplu cet\u0103\u021bean care a\u0219teapt\u0103 schimb\u0103ri reale. Tocmai de aceea am decis s\u0103 candidez, pentru c\u0103 vreau s\u0103 aduc aceast\u0103 schimbare. Vreau s\u0103 fac auzite problemele voastre \u0219i s\u0103 aduc ini\u021biative care s\u0103 aib\u0103 un impact direct \u0219i pozitiv asupra vie\u021bii de zi cu zi.<\/p>\n<\/blockquote>\n\n\n\n<p>Ast\u0103zi, v\u0103 cer sprijinul nu doar pentru mine, ci pentru o viziune comun\u0103, \u00een care politica este despre oameni, nu despre interese ascunse. Haide\u021bi s\u0103 lucr\u0103m \u00eempreun\u0103, s\u0103 construim \u00eempreun\u0103 \u0219i s\u0103 facem ca fiecare voce s\u0103 conteze. \u00cempreun\u0103, putem transforma aceast\u0103 viziune \u00een realitate.<\/p>\n\n\n\n<p class=\"has-small-font-size\"><em>CMF 11240003<\/em><\/p>\n","protected":false},"excerpt":{"rendered":"<p>Dragi cet\u0103\u021beni, Ast\u0103zi, am onoarea de a v\u0103 vorbi despre un vis pe care \u00eel \u00eemp\u0103rt\u0103\u0219im cu to\u021bii: un viitor mai sigur, mai echitabil \u0219i mai prosper pentru noi \u0219i pentru copiii no\u0219tri. C\u00e2nd am decis s\u0103 candidez la Senat, am f\u0103cut acest pas cu un scop clar: s\u0103 fiu o voce puternic\u0103 \u0219i onest\u0103 [&hellip;]<\/p>\n","protected":false},"author":1,"featured_media":480,"comment_status":"open","ping_status":"open","sticky":false,"template":"","format":"standard","meta":{"footnotes":""},"categories":[3,2,6],"tags":[],"class_list":["post-479","post","type-post","status-publish","format-standard","has-post-thumbnail","hentry","category-maramures","category-politica","category-stiri"],"_links":{"self":[{"href":"https:\/\/maramures.icu\/index.php?rest_route=\/wp\/v2\/posts\/479","targetHints":{"allow":["GET"]}}],"collection":[{"href":"https:\/\/maramures.icu\/index.php?rest_route=\/wp\/v2\/posts"}],"about":[{"href":"https:\/\/maramures.icu\/index.php?rest_route=\/wp\/v2\/types\/post"}],"author":[{"embeddable":true,"href":"https:\/\/maramures.icu\/index.php?rest_route=\/wp\/v2\/users\/1"}],"replies":[{"embeddable":true,"href":"https:\/\/maramures.icu\/index.php?rest_route=%2Fwp%2Fv2%2Fcomments&post=479"}],"version-history":[{"count":0,"href":"https:\/\/maramures.icu\/index.php?rest_route=\/wp\/v2\/posts\/479\/revisions"}],"wp:featuredmedia":[{"embeddable":true,"href":"https:\/\/maramures.icu\/index.php?rest_route=\/wp\/v2\/posts\/480"}],"wp:attachment":[{"href":"https:\/\/maramures.icu\/index.php?rest_route=%2Fwp%2Fv2%2Fmedia&parent=479"}],"wp:term":[{"taxonomy":"category","embeddable":true,"href":"https:\/\/maramures.icu\/index.php?rest_route=%2Fwp%2Fv2%2Fcategories&post=479"},{"taxonomy":"post_tag","embeddable":true,"href":"https:\/\/maramures.icu\/index.php?rest_route=%2Fwp%2Fv2%2Ftags&post=479"}],"curies":[{"name":"wp","href":"https:\/\/api.w.org\/{rel}","templated":true}]}}