{"id":465,"date":"2024-10-24T04:16:08","date_gmt":"2024-10-24T04:16:08","guid":{"rendered":"https:\/\/maramures.icu\/?p=465"},"modified":"2024-10-24T04:28:20","modified_gmt":"2024-10-24T04:28:20","slug":"lumea-boxului-maramuresean-in-doliu-antrenorul-emerit-gheorghe-man-s-a-incheiat-ultima-repriza","status":"publish","type":"post","link":"https:\/\/maramures.icu\/?p=465","title":{"rendered":"Lumea Boxului Maramure\u0219ean \u00een Doliu. Antrenorul Emerit Gheorghe Man S-a \u00cencheiat Ultima Repriz\u0103"},"content":{"rendered":"<div style=\"margin-top: 0px; margin-bottom: 0px;\" class=\"sharethis-inline-share-buttons\" ><\/div>\n<p>Comunitatea sportiv\u0103 din Maramure\u0219 este \u00een doliu dup\u0103 ce <strong>Gheorghe Man<\/strong>, antrenor emerit \u0219i figur\u0103 emblematic\u0103 a boxului rom\u00e2nesc, a p\u0103r\u0103sit aceast\u0103 lume. Cel care a condus sute de sportivi pe podiumurile na\u021bionale, europene \u0219i mondiale \u0219i-a \u00eencheiat ultima repriz\u0103, l\u0103s\u00e2nd \u00een urm\u0103 o mo\u0219tenire impresionant\u0103 \u0219i o durere profund\u0103 \u00een sufletele celor care l-au cunoscut.<\/p>\n\n\n<div class=\"wp-block-image\">\n<figure class=\"alignleft size-full is-resized\"><img loading=\"lazy\" decoding=\"async\" width=\"495\" height=\"534\" src=\"https:\/\/maramures.icu\/wp-content\/uploads\/2024\/10\/man.png\" alt=\"\" class=\"wp-image-468\" style=\"width:209px;height:auto\" srcset=\"https:\/\/maramures.icu\/wp-content\/uploads\/2024\/10\/man.png 495w, https:\/\/maramures.icu\/wp-content\/uploads\/2024\/10\/man-278x300.png 278w\" sizes=\"auto, (max-width: 495px) 100vw, 495px\" \/><\/figure>\n<\/div>\n\n\n<p>Antrenorul Gheorghe Man nu a format doar campioni \u00een ring, ci \u0219i oameni de valoare \u00een diverse domenii. Din educa\u021bia \u0219i implicarea sa, s-au n\u0103scut nu doar sportivi de performan\u021b\u0103 \u0219i profesori de prestigiu, ci \u0219i oameni politici \u0219i lideri care ast\u0103zi joac\u0103 un rol important \u00een conducerea jude\u021bului \u0219i a ora\u0219ului. Impactul s\u0103u a dep\u0103\u0219it cu mult limitele ringului de box, model\u00e2nd caractere \u0219i inspir\u00e2nd oameni din toate col\u021burile vie\u021bii.<\/p>\n\n\n\n<p><em>Pentru mul\u021bi dintre cei pe care i-a antrenat, Gheorghe Man a fost mai mult dec\u00e2t un antrenor. A fost <strong>al doilea tat\u0103<\/strong>, un mentor care i-a \u00eenv\u0103\u021bat nu doar s\u0103 \u00eenving\u0103 adversarii din ring, ci \u0219i s\u0103 fac\u0103 fa\u021b\u0103 provoc\u0103rilor vie\u021bii. Cu o r\u0103bdare de neclintit \u0219i o pasiune imens\u0103 pentru sport, el a inspirat sportivii s\u0103i s\u0103-\u0219i dep\u0103\u0219easc\u0103 limitele \u0219i s\u0103 devin\u0103 nu doar campioni, ci \u0219i oameni de excep\u021bie.<\/em><\/p>\n\n\n<div class=\"wp-block-image\">\n<figure class=\"alignleft size-large is-resized\"><img loading=\"lazy\" decoding=\"async\" width=\"1024\" height=\"696\" src=\"https:\/\/maramures.icu\/wp-content\/uploads\/2024\/10\/man2-1024x696.png\" alt=\"\" class=\"wp-image-469\" style=\"width:409px;height:auto\" srcset=\"https:\/\/maramures.icu\/wp-content\/uploads\/2024\/10\/man2-1024x696.png 1024w, https:\/\/maramures.icu\/wp-content\/uploads\/2024\/10\/man2-300x204.png 300w, https:\/\/maramures.icu\/wp-content\/uploads\/2024\/10\/man2-768x522.png 768w, https:\/\/maramures.icu\/wp-content\/uploads\/2024\/10\/man2.png 1302w\" sizes=\"auto, (max-width: 1024px) 100vw, 1024px\" \/><\/figure>\n<\/div>\n\n\n<p>Moartea sa las\u0103 un gol imens \u00een lumea boxului, iar durerea pierderii este resim\u021bit\u0103 profund de to\u021bi cei pe care i-a \u201e\u0219lefuit\u201d. Ultima repriz\u0103 s-a \u00eencheiat pentru Gheorghe Man, dar mo\u0219tenirea sa va d\u0103inui prin genera\u021biile de sportivi pe care i-a format \u0219i prin cei care continu\u0103 s\u0103-i duc\u0103 mai departe valorile \u0219i spiritul de lupt\u0103tor. Boxul rom\u00e2nesc a pierdut un mare om, un antrenor care \u0219i-a dedicat \u00eentreaga via\u021b\u0103 perfec\u021bion\u0103rii \u0219i form\u0103rii campionilor adev\u0103ra\u021bi. <strong>\u201eMestre&#8221;, nu te voi uita niciodat\u0103 \u2013 <em>Claudiu &#8211; Gheorghe Filip<\/em><\/strong><\/p>\n\n\n\n<p><\/p>\n","protected":false},"excerpt":{"rendered":"<p>Comunitatea sportiv\u0103 din Maramure\u0219 este \u00een doliu dup\u0103 ce Gheorghe Man, antrenor emerit \u0219i figur\u0103 emblematic\u0103 a boxului rom\u00e2nesc, a p\u0103r\u0103sit aceast\u0103 lume. Cel care a condus sute de sportivi pe podiumurile na\u021bionale, europene \u0219i mondiale \u0219i-a \u00eencheiat ultima repriz\u0103, l\u0103s\u00e2nd \u00een urm\u0103 o mo\u0219tenire impresionant\u0103 \u0219i o durere profund\u0103 \u00een sufletele celor care l-au [&hellip;]<\/p>\n","protected":false},"author":1,"featured_media":467,"comment_status":"open","ping_status":"open","sticky":false,"template":"","format":"standard","meta":{"footnotes":""},"categories":[8,3,4,6],"tags":[],"class_list":["post-465","post","type-post","status-publish","format-standard","has-post-thumbnail","hentry","category-cetateanul","category-maramures","category-sport","category-stiri"],"_links":{"self":[{"href":"https:\/\/maramures.icu\/index.php?rest_route=\/wp\/v2\/posts\/465","targetHints":{"allow":["GET"]}}],"collection":[{"href":"https:\/\/maramures.icu\/index.php?rest_route=\/wp\/v2\/posts"}],"about":[{"href":"https:\/\/maramures.icu\/index.php?rest_route=\/wp\/v2\/types\/post"}],"author":[{"embeddable":true,"href":"https:\/\/maramures.icu\/index.php?rest_route=\/wp\/v2\/users\/1"}],"replies":[{"embeddable":true,"href":"https:\/\/maramures.icu\/index.php?rest_route=%2Fwp%2Fv2%2Fcomments&post=465"}],"version-history":[{"count":0,"href":"https:\/\/maramures.icu\/index.php?rest_route=\/wp\/v2\/posts\/465\/revisions"}],"wp:featuredmedia":[{"embeddable":true,"href":"https:\/\/maramures.icu\/index.php?rest_route=\/wp\/v2\/posts\/467"}],"wp:attachment":[{"href":"https:\/\/maramures.icu\/index.php?rest_route=%2Fwp%2Fv2%2Fmedia&parent=465"}],"wp:term":[{"taxonomy":"category","embeddable":true,"href":"https:\/\/maramures.icu\/index.php?rest_route=%2Fwp%2Fv2%2Fcategories&post=465"},{"taxonomy":"post_tag","embeddable":true,"href":"https:\/\/maramures.icu\/index.php?rest_route=%2Fwp%2Fv2%2Ftags&post=465"}],"curies":[{"name":"wp","href":"https:\/\/api.w.org\/{rel}","templated":true}]}}