{"id":444,"date":"2024-10-21T05:03:54","date_gmt":"2024-10-21T05:03:54","guid":{"rendered":"https:\/\/maramures.icu\/?p=444"},"modified":"2024-10-24T10:28:58","modified_gmt":"2024-10-24T10:28:58","slug":"liga-scriitorilor-filiala-maramures-reia-activitatea-dupa-vacanta-de-vara","status":"publish","type":"post","link":"https:\/\/maramures.icu\/?p=444","title":{"rendered":"LIGA SCRIITORILOR ROM\u00c2NI FILIALA MARAMURE\u0218 REIA ACTIVITATEA DUP\u0102 VACAN\u021aA DE VAR\u0102"},"content":{"rendered":"<div style=\"margin-top: 0px; margin-bottom: 0px;\" class=\"sharethis-inline-share-buttons\" ><\/div><div class=\"wp-block-image\">\n<figure class=\"alignleft size-full is-resized\"><img loading=\"lazy\" decoding=\"async\" width=\"459\" height=\"460\" src=\"https:\/\/maramures.icu\/wp-content\/uploads\/2024\/10\/sigla-1.png\" alt=\"\" class=\"wp-image-462\" style=\"width:201px;height:auto\" srcset=\"https:\/\/maramures.icu\/wp-content\/uploads\/2024\/10\/sigla-1.png 459w, https:\/\/maramures.icu\/wp-content\/uploads\/2024\/10\/sigla-1-300x300.png 300w, https:\/\/maramures.icu\/wp-content\/uploads\/2024\/10\/sigla-1-150x150.png 150w, https:\/\/maramures.icu\/wp-content\/uploads\/2024\/10\/sigla-1-350x350.png 350w\" sizes=\"auto, (max-width: 459px) 100vw, 459px\" \/><\/figure>\n<\/div>\n\n\n<p>Dup\u0103 o var\u0103 fierbinte \u0219i plin\u0103 de evenimente, Liga Scriitorilor Rom\u00e2ni Filiala Maramure\u0219 a reluat \u0219edin\u021bele pe data de 12 octombrie. Atmosfera \u00eenc\u0103rcat\u0103 de energie creativ\u0103 a fost completat\u0103 de ordinea de zi, prezentat\u0103 de pre\u0219edinta filialei, doamna Carmena B\u0103in\u021ban.<\/p>\n\n\n\n<p><strong>Un punct important al \u0219edin\u021bei a fost prezentarea noului redactor-\u0219ef al revistei \u201eFream\u0103t\u201d, \u00een persoana domnului profesor Claudiu-Gheorghe Filip, un moment apreciat de to\u021bi cei prezen\u021bi.<\/strong><\/p>\n\n\n\n<p>Un alt eveniment deosebit al zilei a fost lansarea a dou\u0103 volume semnate de colegul Grigora\u0219 Ciocan. Acesta a ajuns la impresionantul num\u0103r de zece c\u0103r\u021bi publicate, fiecare cu o amprent\u0103 distinct\u0103. Primul volum, intitulat \u201eBancuri \u0219i iar bancuri\u201d, aduce umorul vie\u021bii cotidiene \u00eentr-o form\u0103 versificat\u0103, completat\u0103 cu ilustra\u021bii \u0219i caricaturi realizate chiar de autor. Cel de-al doilea volum, \u201eC\u00e2teva versuri\u201d, surprinde cititorul prin lirismul profund al poeziilor, multe dintre acestea inspirate din experien\u021bele autorului tr\u0103ite \u00een cei trei ani petrecu\u021bi \u00een Israel.<\/p>\n\n\n\n<p>Lansarea acestor volume a dat o not\u0103 special\u0103 \u0219edin\u021bei, aduc\u00e2nd o atmosfer\u0103 de s\u0103rb\u0103toare \u00een r\u00e2ndul participan\u021bilor.<\/p>\n\n\n\n<p>Un moment de mare onoare a fost prezen\u021ba domnului dr. Mihai Ganea, vicepre\u0219edintele Ligii Scriitorilor din Rom\u00e2nia. Acesta, al\u0103turi de doamna prof. Virginia Paraschiv, a fost ini\u021biatorul \u00eenfiin\u021b\u0103rii Filialei Maramure\u0219, lucru ce a fost cu recuno\u0219tin\u021b\u0103 amintit de c\u0103tre to\u021bi membrii prezen\u021bi.<\/p>\n\n\n\n<p>\u0218edin\u021ba s-a \u00eencheiat cu anun\u021bul pre\u0219edintei Carmena B\u0103in\u021ban privind urm\u0103toarea \u00eent\u00e2lnire, care va avea loc peste dou\u0103 s\u0103pt\u0103m\u00e2ni, invit\u00e2nd cu drag to\u021bi doritorii s\u0103 se al\u0103ture.<\/p>\n\n\n\n<p>Astfel, Liga Scriitorilor Rom\u00e2ni Filiala Maramure\u0219 continu\u0103 s\u0103 fie un spa\u021biu al creativit\u0103\u021bii \u0219i al dialogului literar, deschis tuturor celor care doresc s\u0103-\u0219i exprime talentul \u0219i s\u0103 contribuie la promovarea literaturii. \u00a0VIORICA G\u0102INARIU<\/p>\n","protected":false},"excerpt":{"rendered":"<p>Dup\u0103 o var\u0103 fierbinte \u0219i plin\u0103 de evenimente, Liga Scriitorilor Rom\u00e2ni Filiala Maramure\u0219 a reluat \u0219edin\u021bele pe data de 12 octombrie. Atmosfera \u00eenc\u0103rcat\u0103 de energie creativ\u0103 a fost completat\u0103 de ordinea de zi, prezentat\u0103 de pre\u0219edinta filialei, doamna Carmena B\u0103in\u021ban. Un punct important al \u0219edin\u021bei a fost prezentarea noului redactor-\u0219ef al revistei \u201eFream\u0103t\u201d, \u00een persoana [&hellip;]<\/p>\n","protected":false},"author":1,"featured_media":446,"comment_status":"open","ping_status":"open","sticky":false,"template":"","format":"standard","meta":{"footnotes":""},"categories":[8,3],"tags":[],"class_list":["post-444","post","type-post","status-publish","format-standard","has-post-thumbnail","hentry","category-cetateanul","category-maramures"],"_links":{"self":[{"href":"https:\/\/maramures.icu\/index.php?rest_route=\/wp\/v2\/posts\/444","targetHints":{"allow":["GET"]}}],"collection":[{"href":"https:\/\/maramures.icu\/index.php?rest_route=\/wp\/v2\/posts"}],"about":[{"href":"https:\/\/maramures.icu\/index.php?rest_route=\/wp\/v2\/types\/post"}],"author":[{"embeddable":true,"href":"https:\/\/maramures.icu\/index.php?rest_route=\/wp\/v2\/users\/1"}],"replies":[{"embeddable":true,"href":"https:\/\/maramures.icu\/index.php?rest_route=%2Fwp%2Fv2%2Fcomments&post=444"}],"version-history":[{"count":0,"href":"https:\/\/maramures.icu\/index.php?rest_route=\/wp\/v2\/posts\/444\/revisions"}],"wp:featuredmedia":[{"embeddable":true,"href":"https:\/\/maramures.icu\/index.php?rest_route=\/wp\/v2\/posts\/446"}],"wp:attachment":[{"href":"https:\/\/maramures.icu\/index.php?rest_route=%2Fwp%2Fv2%2Fmedia&parent=444"}],"wp:term":[{"taxonomy":"category","embeddable":true,"href":"https:\/\/maramures.icu\/index.php?rest_route=%2Fwp%2Fv2%2Fcategories&post=444"},{"taxonomy":"post_tag","embeddable":true,"href":"https:\/\/maramures.icu\/index.php?rest_route=%2Fwp%2Fv2%2Ftags&post=444"}],"curies":[{"name":"wp","href":"https:\/\/api.w.org\/{rel}","templated":true}]}}