{"id":395,"date":"2024-09-10T05:56:44","date_gmt":"2024-09-10T05:56:44","guid":{"rendered":"https:\/\/maramures.icu\/?p=395"},"modified":"2024-09-10T05:56:45","modified_gmt":"2024-09-10T05:56:45","slug":"toth-laurentiu-hasan-povestea-unui-suflet-bland-care-a-plecat-prea-devreme","status":"publish","type":"post","link":"https:\/\/maramures.icu\/?p=395","title":{"rendered":"Toth Lauren\u021biu \u201eHasan\u201d \u2013 Povestea unui Suflet Bl\u00e2nd Care A Plecat Prea Devreme"},"content":{"rendered":"<div style=\"margin-top: 0px; margin-bottom: 0px;\" class=\"sharethis-inline-share-buttons\" ><\/div>\n<p>Pe 5 septembrie 2024, comunitatea din Baia Mare a pierdut un suflet care, de\u0219i aparent umil, a l\u0103sat o amprent\u0103 profund\u0103 asupra celor care l-au cunoscut. Toth Lauren\u021biu, cunoscut sub porecla de \u201eHasan\u201d, un om al str\u0103zii care \u0219i-a petrecut ultimii ani din via\u021b\u0103 pe str\u0103zile ora\u0219ului, s-a stins din via\u021b\u0103. \u00cenmorm\u00e2ntarea sa va avea loc \u00een data de 10 septembrie 2024, la Cimitirul din Ferneziu.<\/p>\n\n\n\n<p>De\u0219i a dus o via\u021b\u0103 grea, marcat\u0103 de multe \u00eencerc\u0103ri \u0219i nedrept\u0103\u021bi, Hasan a r\u0103mas \u00een memoria celor care l-au cunoscut drept un om cu un suflet bl\u00e2nd, plin de via\u021b\u0103 \u0219i cu o inim\u0103 deschis\u0103. Porecla \u201eHasan\u201d venea din leg\u0103tura sa profund\u0103 cu cultura arab\u0103, fiind un poliglot care vorbea fluent \u0219apte limbi, inclusiv araba.<\/p>\n\n\n\n<h3 class=\"wp-block-heading\">Un Om Plin de Bun\u0103tate \u0219i C\u0103ldur\u0103<\/h3>\n\n\n\n<p>Pe re\u021belele de socializare, cei care l-au cunoscut au \u00eemp\u0103rt\u0103\u0219it mesaje de adio pline de emo\u021bie \u0219i respect pentru via\u021ba \u0219i spiritul acestui om. <strong>Zodila Cristian<\/strong>, unul dintre cei care l-au cunoscut bine, a scris: <em>\u201eCel mai bun suflet. Un om plin de via\u021b\u0103, mereu glume\u021b \u0219i bl\u00e2nd. Tot timpul sarea s\u0103 ajute pe oricine cum putea. Drum lin spre cer \u2764\ufe0f\u201d<\/em>.<\/p>\n\n\n\n<p>Aceast\u0103 descriere este una comun\u0103 pentru cei care l-au \u00eent\u00e2lnit pe Hasan. De\u0219i via\u021ba nu a fost bl\u00e2nd\u0103 cu el, Hasan a r\u0103mas o persoan\u0103 empatic\u0103, gata s\u0103 ofere ajutor atunci c\u00e2nd cineva avea nevoie, chiar dac\u0103 el \u00eensu\u0219i nu avea multe.<\/p>\n\n\n\n<h3 class=\"wp-block-heading\">Povestea unui Om Erudit<\/h3>\n\n\n\n<p>Un alt mesaj, de la <strong>Csilla Olga Karoly<\/strong>, scoate \u00een eviden\u021b\u0103 o latur\u0103 mai pu\u021bin cunoscut\u0103 a lui Hasan, \u0219i anume erudi\u021bia sa: <em>\u201eUn om, cu care via\u021ba nu a fost bl\u00e2nd\u0103 deloc. Vorbea \u0219i scria 7 limbi perfect, printre care araba, era un mare iubitor de animale, \u00een special c\u00e2inii, era un om cizelat c\u00e2nd i se d\u0103dea ocazia, \u00eens\u0103 foarte mul\u021bi nu au \u0219tiut s\u0103 aprecieze bun\u0103tatea care z\u0103cea \u00een sufletul unui om obosit de at\u00e2tea greut\u0103\u021bi. Dumnezeu s\u0103 te odihneasc\u0103 \u00een pace, Hassan! \ud83d\ude4f\ud83d\ude2a Condolean\u021be familiei!\u201d<\/em>.<\/p>\n\n\n\n<p>Cu toate acestea, via\u021ba pe str\u0103zi i-a furat lui Hasan \u0219ansa de a ar\u0103ta lumii \u00eentreaga sa valoare. De\u0219i un om cult \u0219i respectuos, societatea l-a l\u0103sat adesea la margine, \u00eentr-o lupt\u0103 constant\u0103 cu s\u0103r\u0103cia \u0219i nevoile zilnice.<\/p>\n\n\n\n<h3 class=\"wp-block-heading\">Un Om Iubit de Comunitate<\/h3>\n\n\n\n<p>Pe grupul \u201e<strong>Duhul R\u0103ut\u0103\u021bilor<\/strong>\u201d de pe Facebook, cel care a publicat primul anun\u021b despre trecerea sa \u00een nefiin\u021b\u0103 a descris personalitatea sa vibrant\u0103: <em>\u201eNu e glum\u0103. A fost un personaj haios care m\u0103 f\u0103cea s\u0103 r\u00e2d mereu \u0219i vorbea cu mult respect (cel pu\u021bin cu mine). N-am v\u0103zut s\u0103 anun\u021be nimeni \u00een online c\u0103 nu mai e printre noi, a\u0219a c\u0103 am f\u0103cut eu o postare de r\u0103mas bun \ud83d\ude14\u201d<\/em>.<\/p>\n\n\n\n<p>Hasan a fost un personaj iubit, respectat, chiar \u0219i \u00een umbra str\u0103zii. Sim\u021bul umorului \u0219i respectul cu care trata oamenii erau recunoscute de to\u021bi cei care l-au \u00eent\u00e2lnit. Comunitatea din Baia Mare l-a perceput pe Hasan nu ca pe un simplu \u201eom al str\u0103zii\u201d, ci ca pe un suflet sensibil, un om care a suferit, dar care a oferit mereu bun\u0103tate \u00een schimb.<\/p>\n\n\n\n<h3 class=\"wp-block-heading\">Ultimul R\u0103mas Bun<\/h3>\n\n\n<div class=\"wp-block-image\">\n<figure class=\"alignleft size-large is-resized\"><img loading=\"lazy\" decoding=\"async\" width=\"485\" height=\"1024\" src=\"https:\/\/maramures.icu\/wp-content\/uploads\/2024\/09\/hasan2_n-485x1024.jpg\" alt=\"\" class=\"wp-image-397\" style=\"width:241px;height:auto\" srcset=\"https:\/\/maramures.icu\/wp-content\/uploads\/2024\/09\/hasan2_n-485x1024.jpg 485w, https:\/\/maramures.icu\/wp-content\/uploads\/2024\/09\/hasan2_n-142x300.jpg 142w, https:\/\/maramures.icu\/wp-content\/uploads\/2024\/09\/hasan2_n.jpg 640w\" sizes=\"auto, (max-width: 485px) 100vw, 485px\" \/><\/figure>\n<\/div>\n\n\n<p>Un alt mesaj emo\u021bionant a venit de la <strong>Baloog Roua Mara,<\/strong> care l-a cunoscut sub apelativul \u201eHabibi\u201d: <em>\u201e\u2018Habibi\u2019 a\u0219a m\u0103 strigai c\u00e2nd m\u0103 vedeai..\ud83d\ude2d&#8230;drum lin spre cer..Dumnezeu s\u0103 te odihneasc\u0103 \u00een pace om bun, un om cu suflet bl\u00e2nd&#8230; chinuit de \u00eencerc\u0103rile vie\u021bii&#8230; un om de\u0219tept&#8230; pierdut din cauza multor nedrept\u0103\u021bi &#8230; Hassan, nu te vom uita niciodat\u0103!\u201d<\/em>.<\/p>\n\n\n\n<p>Hasan a fost un om cu un destin greu, dar cu o inim\u0103 mare. Povestea sa ne aminte\u0219te de fragilitatea \u0219i nedreptatea vie\u021bii, dar \u0219i de puterea unui suflet bun de a inspira dragoste \u0219i respect, chiar \u0219i \u00een cele mai grele condi\u021bii.<\/p>\n\n\n\n<p>Toth Lauren\u021biu \u201eHasan\u201d nu a fost doar un om al str\u0103zii, ci un simbol al rezisten\u021bei \u0219i al bl\u00e2nde\u021bii \u00eentr-o lume care nu i-a oferit multe \u0219anse. \u00cenmorm\u00e2ntarea sa din 10 septembrie 2024, la Cimitirul din Ferneziu, va fi o ocazie pentru comunitate s\u0103-\u0219i ia r\u0103mas bun de la un om care, \u00een ciuda greut\u0103\u021bilor vie\u021bii, a r\u0103mas un exemplu de empatie, cultur\u0103 \u0219i bun\u0103tate. S\u0103-\u021bi fie drumul lin, Hasan, \u0219i odihna ve\u0219nic\u0103 s\u0103-\u021bi fie pa\u0219nic\u0103!<\/p>\n","protected":false},"excerpt":{"rendered":"<p>Pe 5 septembrie 2024, comunitatea din Baia Mare a pierdut un suflet care, de\u0219i aparent umil, a l\u0103sat o amprent\u0103 profund\u0103 asupra celor care l-au cunoscut. Toth Lauren\u021biu, cunoscut sub porecla de \u201eHasan\u201d, un om al str\u0103zii care \u0219i-a petrecut ultimii ani din via\u021b\u0103 pe str\u0103zile ora\u0219ului, s-a stins din via\u021b\u0103. \u00cenmorm\u00e2ntarea sa va avea [&hellip;]<\/p>\n","protected":false},"author":1,"featured_media":396,"comment_status":"open","ping_status":"open","sticky":false,"template":"","format":"standard","meta":{"footnotes":""},"categories":[3,6],"tags":[],"class_list":["post-395","post","type-post","status-publish","format-standard","has-post-thumbnail","hentry","category-maramures","category-stiri"],"_links":{"self":[{"href":"https:\/\/maramures.icu\/index.php?rest_route=\/wp\/v2\/posts\/395","targetHints":{"allow":["GET"]}}],"collection":[{"href":"https:\/\/maramures.icu\/index.php?rest_route=\/wp\/v2\/posts"}],"about":[{"href":"https:\/\/maramures.icu\/index.php?rest_route=\/wp\/v2\/types\/post"}],"author":[{"embeddable":true,"href":"https:\/\/maramures.icu\/index.php?rest_route=\/wp\/v2\/users\/1"}],"replies":[{"embeddable":true,"href":"https:\/\/maramures.icu\/index.php?rest_route=%2Fwp%2Fv2%2Fcomments&post=395"}],"version-history":[{"count":0,"href":"https:\/\/maramures.icu\/index.php?rest_route=\/wp\/v2\/posts\/395\/revisions"}],"wp:featuredmedia":[{"embeddable":true,"href":"https:\/\/maramures.icu\/index.php?rest_route=\/wp\/v2\/posts\/396"}],"wp:attachment":[{"href":"https:\/\/maramures.icu\/index.php?rest_route=%2Fwp%2Fv2%2Fmedia&parent=395"}],"wp:term":[{"taxonomy":"category","embeddable":true,"href":"https:\/\/maramures.icu\/index.php?rest_route=%2Fwp%2Fv2%2Fcategories&post=395"},{"taxonomy":"post_tag","embeddable":true,"href":"https:\/\/maramures.icu\/index.php?rest_route=%2Fwp%2Fv2%2Ftags&post=395"}],"curies":[{"name":"wp","href":"https:\/\/api.w.org\/{rel}","templated":true}]}}