{"id":374,"date":"2024-08-29T04:05:35","date_gmt":"2024-08-29T04:05:35","guid":{"rendered":"https:\/\/maramures.icu\/?p=374"},"modified":"2024-08-29T04:05:36","modified_gmt":"2024-08-29T04:05:36","slug":"consiliul-judetean-maramures-obtine-finantare-pentru-protejarea-identitatii-si-dezvoltarea-sustenabila-a-maramuresului-13-localitati-vor-actualiza-planul-urbanistic-general","status":"publish","type":"post","link":"https:\/\/maramures.icu\/?p=374","title":{"rendered":"Consiliul Jude\u021bean Maramure\u0219 Ob\u021bine Finan\u021bare pentru Protejarea Identit\u0103\u021bii \u0219i Dezvoltarea Sustenabil\u0103 a Maramure\u0219ului: 13 Localit\u0103\u021bi Vor Actualiza Planul Urbanistic General"},"content":{"rendered":"<div style=\"margin-top: 0px; margin-bottom: 0px;\" class=\"sharethis-inline-share-buttons\" ><\/div>\n<p>Consiliul Jude\u021bean Maramure\u0219 a f\u0103cut un nou pas semnificativ \u00een direc\u021bia protej\u0103rii identit\u0103\u021bii culturale \u0219i dezvolt\u0103rii sustenabile a jude\u021bului. Recent, pre\u0219edintele Consiliului, Ionel Bogdan, a semnat un contract de finan\u021bare cu Ministerul Dezvolt\u0103rii, Lucr\u0103rilor Publice \u0219i Administra\u021biei, care va permite elaborarea sau actualizarea Planurilor Urbanistice Generale (PUG) pentru 13 localit\u0103\u021bi din Maramure\u0219.<\/p>\n\n\n\n<p>Localit\u0103\u021bile Bistra, Bocicoiu Mare, Bude\u0219ti, Cerne\u0219ti, Colt\u0103u, Mire\u0219u Mare, Repedea, Saras\u0103u, S\u0103cel, S\u0103lsig, Suciu de Sus, \u0218omcuta Mare \u0219i Ulmeni vor beneficia de aceast\u0103 finan\u021bare, \u00een valoare de aproape 3.000.000 de lei. Aceasta reprezint\u0103 o oportunitate important\u0103 pentru comunit\u0103\u021bile locale de a se dezvolta \u00eentr-un mod responsabil, p\u0103str\u00e2nd specificul identitar \u0219i tradi\u021biile autentice ale Maramure\u0219ului.<\/p>\n\n\n\n<p>Ionel Bogdan, pre\u0219edintele Consiliului Jude\u021bean Maramure\u0219, a subliniat importan\u021ba acestui proiect, eviden\u021biind pericolul pe care haosul urbanistic \u00eel reprezint\u0103 pentru integritatea cultural\u0103 a regiunii: \u201eHaosul urbanistic reprezint\u0103 un pericol real pentru integritatea Maramure\u0219ului nostru autentic. Putem limita \u0219i elimina acest flagel care amenin\u021b\u0103 arhitectura tradi\u021bional\u0103, identitatea \u0219i mo\u0219tenirea noastr\u0103 cultural\u0103 numai prin regulamente urbanistice clare! Sunt foarte fericit s\u0103 v\u0103 anun\u021b c\u0103 am reu\u0219it s\u0103 ob\u021bin o nou\u0103 finan\u021bare care ne va ajuta s\u0103 protej\u0103m \u0219i s\u0103 men\u021binem Maramure\u0219ul nostru frumos \u0219i pentru genera\u021biile urm\u0103toare!\u201d.<\/p>\n\n\n\n<p>Pre\u0219edintele a eviden\u021biat \u0219i importan\u021ba continuit\u0103\u021bii \u00een eforturile de protejare a patrimoniului cultural al jude\u021bului: \u201e\u00cemi doresc ca Maramure\u0219ul \u0219i maramure\u0219enii s\u0103 prospere, dar vreau s\u0103 ob\u021binem acest deziderat f\u0103r\u0103 s\u0103 \u0219tirbim identitatea noastr\u0103. Pentru asta am militat din prima zi de mandat \u0219i voi continua s\u0103 lupt \u0219i dup\u0103 ce plec de la Consiliul Jude\u021bean. M\u0103rturie stau \u0219i alte ini\u021biative pe care le-am avut \u00een ace\u0219ti patru ani, cum este, spre exemplu, protejarea patrimoniului vernacular al satului Breb, dar \u0219i demersurile similare pe care le avem la Petrova, L\u0103pu\u0219 \u0219i Bogdan Vod\u0103. Totul pentru maramure\u0219eni \u0219i pentru Maramure\u0219!\u201d.<\/p>\n\n\n\n<p>Aceast\u0103 ini\u021biativ\u0103 reprezint\u0103 un pas concret \u00een direc\u021bia protej\u0103rii valorilor culturale ale Maramure\u0219ului, asigur\u00e2nd totodat\u0103 dezvoltarea sustenabil\u0103 a comunit\u0103\u021bilor locale. Planurile Urbanistice Generale vor oferi o structur\u0103 clar\u0103 \u0219i coerent\u0103 pentru viitoarele proiecte de dezvoltare, men\u021bin\u00e2nd echilibrul \u00eentre modernizare \u0219i respectul pentru tradi\u021biile locale.<\/p>\n\n\n\n<p>Biroul de pres\u0103 al Consiliului Jude\u021bean Maramure\u0219 va continua s\u0103 informeze publicul despre progresul acestor proiecte \u0219i despre alte ini\u021biative menite s\u0103 protejeze \u0219i s\u0103 dezvolte jude\u021bul \u00eentr-un mod armonio<\/p>\n","protected":false},"excerpt":{"rendered":"<p>Consiliul Jude\u021bean Maramure\u0219 a f\u0103cut un nou pas semnificativ \u00een direc\u021bia protej\u0103rii identit\u0103\u021bii culturale \u0219i dezvolt\u0103rii sustenabile a jude\u021bului. Recent, pre\u0219edintele Consiliului, Ionel Bogdan, a semnat un contract de finan\u021bare cu Ministerul Dezvolt\u0103rii, Lucr\u0103rilor Publice \u0219i Administra\u021biei, care va permite elaborarea sau actualizarea Planurilor Urbanistice Generale (PUG) pentru 13 localit\u0103\u021bi din Maramure\u0219. Localit\u0103\u021bile Bistra, Bocicoiu [&hellip;]<\/p>\n","protected":false},"author":1,"featured_media":375,"comment_status":"open","ping_status":"open","sticky":false,"template":"","format":"standard","meta":{"footnotes":""},"categories":[3,6],"tags":[],"class_list":["post-374","post","type-post","status-publish","format-standard","has-post-thumbnail","hentry","category-maramures","category-stiri"],"_links":{"self":[{"href":"https:\/\/maramures.icu\/index.php?rest_route=\/wp\/v2\/posts\/374","targetHints":{"allow":["GET"]}}],"collection":[{"href":"https:\/\/maramures.icu\/index.php?rest_route=\/wp\/v2\/posts"}],"about":[{"href":"https:\/\/maramures.icu\/index.php?rest_route=\/wp\/v2\/types\/post"}],"author":[{"embeddable":true,"href":"https:\/\/maramures.icu\/index.php?rest_route=\/wp\/v2\/users\/1"}],"replies":[{"embeddable":true,"href":"https:\/\/maramures.icu\/index.php?rest_route=%2Fwp%2Fv2%2Fcomments&post=374"}],"version-history":[{"count":0,"href":"https:\/\/maramures.icu\/index.php?rest_route=\/wp\/v2\/posts\/374\/revisions"}],"wp:featuredmedia":[{"embeddable":true,"href":"https:\/\/maramures.icu\/index.php?rest_route=\/wp\/v2\/posts\/375"}],"wp:attachment":[{"href":"https:\/\/maramures.icu\/index.php?rest_route=%2Fwp%2Fv2%2Fmedia&parent=374"}],"wp:term":[{"taxonomy":"category","embeddable":true,"href":"https:\/\/maramures.icu\/index.php?rest_route=%2Fwp%2Fv2%2Fcategories&post=374"},{"taxonomy":"post_tag","embeddable":true,"href":"https:\/\/maramures.icu\/index.php?rest_route=%2Fwp%2Fv2%2Ftags&post=374"}],"curies":[{"name":"wp","href":"https:\/\/api.w.org\/{rel}","templated":true}]}}