{"id":329,"date":"2024-04-18T13:16:45","date_gmt":"2024-04-18T13:16:45","guid":{"rendered":"https:\/\/maramures.icu\/?p=329"},"modified":"2024-04-18T13:28:06","modified_gmt":"2024-04-18T13:28:06","slug":"unim-fortele-cetateni-impreuna-ne-luam-orasul-inapoi-viziunea-candidatului-pentru-primaria-municipiului-baia-mare","status":"publish","type":"post","link":"https:\/\/maramures.icu\/?p=329","title":{"rendered":"Unim For\u021bele Cet\u0103\u021beni! \u2013 \u00cempreun\u0103 Ne Lu\u0103m Ora\u0219ul \u00cenapoi: Viziunea Candidatului pentru Prim\u0103ria Municipiului Baia Mare"},"content":{"rendered":"<div style=\"margin-top: 0px; margin-bottom: 0px;\" class=\"sharethis-inline-share-buttons\" ><\/div>\n<p>\u00cen atmosfera vibrant\u0103 a politicii locale din Baia Mare, un candidat \u00ee\u0219i face sim\u021bit\u0103 prezen\u021ba cu o deviz\u0103 puternic\u0103 \u0219i o viziune \u00eendr\u0103znea\u021b\u0103: \u201c<strong>Unim For\u021bele Cet\u0103\u021beni! \u00cempreun\u0103 Ne Lu\u0103m Ora\u0219ul \u00cenapoi!<\/strong>\u201c. Aceast\u0103 formul\u0103 simpl\u0103, dar plin\u0103 de \u00eenc\u0103rc\u0103tur\u0103, reflect\u0103 dorin\u021ba candidatului de a crea o comunitate implicat\u0103 \u0219i de a revitaliza spiritul civic \u00een ora\u0219ul s\u0103u natal.<\/p>\n\n\n\n<p>\u00centr-un interviu exclusiv pentru comunitatea local\u0103, candidatul a \u00eemp\u0103rt\u0103\u0219it detalii despre platforma sa electoral\u0103 \u0219i despre viziunea sa pentru viitorul comunit\u0103\u021bii. Central \u00een mesajul s\u0103u este ideea c\u0103 schimbarea nu vine din partea unei singure persoane sau a unei echipe restr\u00e2nse, ci din efortul comun al tuturor cet\u0103\u021benilor. G\u0103si\u021bi detalii pe&nbsp;<a href=\"http:\/\/filipclaudiu.ro\/\" target=\"_blank\" rel=\"noreferrer noopener\">filipclaudiu.ro<\/a><\/p>\n\n\n\n<p>Una dintre priorit\u0103\u021bile sale majore este transparen\u021ba \u0219i implicarea cet\u0103\u021benilor \u00een procesul decizional al administra\u021biei locale. Acest lucru implic\u0103 crearea unui cadru deschis de comunicare \u00eentre autorit\u0103\u021bi \u0219i locuitorii ora\u0219ului, \u00een care ideile \u0219i preocup\u0103rile fiec\u0103ruia sunt ascultate \u0219i luate \u00een considerare \u00een procesul de luare a deciziilor.<\/p>\n\n\n\n<p>Candidatul propune o serie de ini\u021biative pentru revitalizarea economiei locale \u0219i crearea de locuri de munc\u0103 durabile. El sus\u021bine colaborarea \u00eentre administra\u021bia local\u0103, sectorul privat \u0219i institu\u021biile de \u00eenv\u0103\u021b\u0103m\u00e2nt pentru a promova inovarea \u0219i antreprenoriatul \u00een Baia Mare.<\/p>\n\n\n\n<p>Un alt aspect important al platformei sale este protejarea mediului \u00eenconjur\u0103tor \u0219i promovarea unui stil de via\u021b\u0103 sustenabil. Candidatul propune m\u0103suri pentru reducerea polu\u0103rii \u0219i conservarea resurselor naturale, \u00een vederea asigur\u0103rii unui mediu s\u0103n\u0103tos \u0219i durabil pentru genera\u021biile viitoare.<\/p>\n\n\n\n<p>\u00cen ceea ce prive\u0219te infrastructura \u0219i serviciile publice, candidatul se angajeaz\u0103 s\u0103 investeasc\u0103 \u00een modernizarea \u0219i extinderea acestora, astfel \u00eenc\u00e2t s\u0103 r\u0103spund\u0103 nevoilor \u00een continu\u0103 schimbare ale comunit\u0103\u021bii. El consider\u0103 c\u0103 un ora\u0219 prosper \u0219i func\u021bional este fundamentul unei vie\u021bi de calitate pentru locuitorii s\u0103i.<\/p>\n\n\n\n<p>Candidatul invit\u0103 to\u021bi locuitorii din Baia Mare s\u0103 se al\u0103ture mi\u0219c\u0103rii \u201c<strong>Unim For\u021bele Cet\u0103\u021beni! \u2013 \u00cempreun\u0103 Ne Lu\u0103m Ora\u0219ul \u00cenapoi<\/strong>\u201d \u0219i s\u0103 contribuie activ la construirea unui ora\u0219 mai bun pentru to\u021bi. El crede cu t\u0103rie c\u0103 prin solidaritate \u0219i colaborare, ora\u0219ul poate dep\u0103\u0219i orice obstacol \u0219i poate atinge noi culmi de dezvoltare \u0219i prosperitate.<\/p>\n\n\n\n<p>\u00centr-un climat politic dominat de promisiuni \u0219i retoric\u0103, viziunea acestui candidat reprezint\u0103 un suflu proasp\u0103t de optimism \u0219i speran\u021b\u0103 pentru locuitorii din Baia Mare, ar\u0103t\u00e2nd c\u0103 schimbarea \u00eencepe cu fiecare cet\u0103\u021bean \u0219i c\u0103 \u00eempreun\u0103, ei au puterea s\u0103-\u0219i modeleze viitorul ora\u0219ului lor.<\/p>\n\n\n\n<p><a href=\"https:\/\/maramures.icu\/?author=1\">Maramures Te V\u0103d \u00a9<\/a><\/p>\n","protected":false},"excerpt":{"rendered":"<p>\u00cen atmosfera vibrant\u0103 a politicii locale din Baia Mare, un candidat \u00ee\u0219i face sim\u021bit\u0103 prezen\u021ba cu o deviz\u0103 puternic\u0103 \u0219i o viziune \u00eendr\u0103znea\u021b\u0103: \u201cUnim For\u021bele Cet\u0103\u021beni! \u00cempreun\u0103 Ne Lu\u0103m Ora\u0219ul \u00cenapoi!\u201c. Aceast\u0103 formul\u0103 simpl\u0103, dar plin\u0103 de \u00eenc\u0103rc\u0103tur\u0103, reflect\u0103 dorin\u021ba candidatului de a crea o comunitate implicat\u0103 \u0219i de a revitaliza spiritul civic \u00een ora\u0219ul [&hellip;]<\/p>\n","protected":false},"author":1,"featured_media":317,"comment_status":"open","ping_status":"closed","sticky":false,"template":"","format":"standard","meta":{"footnotes":""},"categories":[3,2,6],"tags":[],"class_list":["post-329","post","type-post","status-publish","format-standard","has-post-thumbnail","hentry","category-maramures","category-politica","category-stiri"],"_links":{"self":[{"href":"https:\/\/maramures.icu\/index.php?rest_route=\/wp\/v2\/posts\/329","targetHints":{"allow":["GET"]}}],"collection":[{"href":"https:\/\/maramures.icu\/index.php?rest_route=\/wp\/v2\/posts"}],"about":[{"href":"https:\/\/maramures.icu\/index.php?rest_route=\/wp\/v2\/types\/post"}],"author":[{"embeddable":true,"href":"https:\/\/maramures.icu\/index.php?rest_route=\/wp\/v2\/users\/1"}],"replies":[{"embeddable":true,"href":"https:\/\/maramures.icu\/index.php?rest_route=%2Fwp%2Fv2%2Fcomments&post=329"}],"version-history":[{"count":0,"href":"https:\/\/maramures.icu\/index.php?rest_route=\/wp\/v2\/posts\/329\/revisions"}],"wp:featuredmedia":[{"embeddable":true,"href":"https:\/\/maramures.icu\/index.php?rest_route=\/wp\/v2\/posts\/317"}],"wp:attachment":[{"href":"https:\/\/maramures.icu\/index.php?rest_route=%2Fwp%2Fv2%2Fmedia&parent=329"}],"wp:term":[{"taxonomy":"category","embeddable":true,"href":"https:\/\/maramures.icu\/index.php?rest_route=%2Fwp%2Fv2%2Fcategories&post=329"},{"taxonomy":"post_tag","embeddable":true,"href":"https:\/\/maramures.icu\/index.php?rest_route=%2Fwp%2Fv2%2Ftags&post=329"}],"curies":[{"name":"wp","href":"https:\/\/api.w.org\/{rel}","templated":true}]}}