{"id":220,"date":"2024-03-18T11:18:27","date_gmt":"2024-03-18T11:18:27","guid":{"rendered":"https:\/\/maramures.icu\/?p=220"},"modified":"2024-03-18T11:20:39","modified_gmt":"2024-03-18T11:20:39","slug":"gheorghe-pop-la-ceas-aniversar-80-de-ani-de-la-nasterea-preotului-si-poetului-maramuresean","status":"publish","type":"post","link":"https:\/\/maramures.icu\/?p=220","title":{"rendered":"Gheorghe Pop la ceas aniversar \u2013 80 de ani de la na\u0219terea preotului \u0219i poetului maramure\u0219ean"},"content":{"rendered":"<div style=\"margin-top: 0px; margin-bottom: 0px;\" class=\"sharethis-inline-share-buttons\" ><\/div>\n<p>\u00centr-o atmosfer\u0103 plin\u0103 de c\u0103ldur\u0103 \u0219i recuno\u0219tin\u021b\u0103, comunitatea literar\u0103 \u0219i cultural\u0103 a Maramure\u0219ului s\u0103rb\u0103tore\u0219te ceasul aniversar al preotului \u0219i poetului Gheorghe Pop, cu ocazia \u00eemplinirii a 80 de ani de la na\u0219terea sa, pe 15 martie 1944.<\/p>\n\n\n\n<p>N\u0103scut \u00een inima satului \u0218ugatag, comuna Ocna \u0218ugatag, jude\u021bul Maramure\u0219, Gheorghe Pop a fost binecuv\u00e2ntat cu darurile spiritualit\u0103\u021bii \u0219i creativit\u0103\u021bii. P\u0103rin\u021bii s\u0103i, Maria \u0219i Gheorghe Pop, i-au insuflat dragostea pentru literatur\u0103 \u0219i credin\u021b\u0103 \u00eenc\u0103 de la o v\u00e2rst\u0103 fraged\u0103.<\/p>\n\n\n<div class=\"wp-block-image\">\n<figure class=\"alignleft size-large is-resized\"><img loading=\"lazy\" decoding=\"async\" width=\"808\" height=\"1024\" src=\"https:\/\/maramures.icu\/wp-content\/uploads\/2024\/03\/popa-seini-808x1024.png\" alt=\"\" class=\"wp-image-221\" style=\"width:250px;height:auto\" srcset=\"https:\/\/maramures.icu\/wp-content\/uploads\/2024\/03\/popa-seini-808x1024.png 808w, https:\/\/maramures.icu\/wp-content\/uploads\/2024\/03\/popa-seini-237x300.png 237w, https:\/\/maramures.icu\/wp-content\/uploads\/2024\/03\/popa-seini-768x973.png 768w, https:\/\/maramures.icu\/wp-content\/uploads\/2024\/03\/popa-seini-1024x1297.png 1024w, https:\/\/maramures.icu\/wp-content\/uploads\/2024\/03\/popa-seini.png 1064w\" sizes=\"auto, (max-width: 808px) 100vw, 808px\" \/><\/figure>\n<\/div>\n\n\n<p>Drumul s\u0103u c\u0103tre literatur\u0103 \u0219i spiritualitate a \u00eenceput odat\u0103 cu studiile la Facultatea de Teologie Pastoral\u0103 Ortodox\u0103 din Sibiu, unde \u0219i-a \u00eembog\u0103\u021bit cuno\u0219tin\u021bele \u0219i \u0219i-a dezvoltat pasiunea pentru cuv\u00e2nt. Diplomat \u00een teologie, Gheorghe Pop a fost hirotonit preot \u00een anul 1968 \u0219i \u0219i-a slujit credin\u021ba cu d\u0103ruire \u0219i devotament \u00een diverse comunit\u0103\u021bi din Maramure\u0219, precum satul Mara, comuna Cic\u00e2rl\u0103u \u0219i ora\u0219ul Seini.<\/p>\n\n\n\n<p>Paralel cu slujba sa religioas\u0103, Gheorghe Pop a \u00eembr\u0103\u021bi\u0219at \u0219i latura artistic\u0103 a existen\u021bei sale, transform\u00e2nd g\u00e2ndurile \u0219i tr\u0103irile \u00een versuri. A devenit cunoscut nu doar ca un slujitor al altarului, ci \u0219i ca un poet sensibil \u0219i talentat, care a \u00eenc\u00e2ntat \u0219i a inspirat genera\u021bii \u00eentregi de cititori.<\/p>\n\n\n\n<p>\u00cencep\u00e2nd cu primele crea\u021bii literare publicate \u00een presa jude\u021bean\u0103 \u0219i continu\u00e2nd cu apari\u021bii \u00een reviste prestigioase precum Tribuna de la Cluj, Luceaf\u0103rul sau Graiul Maramure\u0219ului, Gheorghe Pop \u0219i-a construit un renume solid \u00een peisajul literar rom\u00e2nesc. Volumele sale de poezie, precum &#8222;\u00cenvins de Iubire&#8221;, &#8222;Peregrin spre&#8230; Dincolo&#8221; sau &#8222;Neodihna G\u00e2ndului&#8221;, au fost \u00eent\u00e2mpinate cu bucurie \u0219i apreciere de c\u0103tre critici \u0219i cititori deopotriv\u0103.<\/p>\n\n\n\n<p>Cu toate c\u0103 timpul i-a adus maturitate \u0219i \u00een\u021belepciune, Gheorghe Pop nu s-a oprit din creativitatea sa. \u00cen anul 2003, a surprins publicul cu &#8222;Cartea Cet\u0103\u021bii Zynir&#8221;, o oper\u0103 care a r\u0103mas \u00een amintirea cititorilor ca un simbol al profunzimii \u0219i imagina\u021biei sale bogate.<\/p>\n\n\n\n<p>Recunoa\u0219terea meritelor sale literare a fost marcant\u0103 \u00een parcursul s\u0103u. De la primul premiu literar c\u00e2\u0219tigat la Festivalul-Concurs al Cenaclurilor s\u0103te\u0219ti din Rom\u00e2nia \u00een 1978, p\u00e2n\u0103 la Diploma de excelen\u021b\u0103 acordat\u0103 de Consiliul Jude\u021bean Maramure\u0219 \u00een 2018, Gheorghe Pop a str\u0103lucit \u00een peisajul cultural ca o stea ce nu \u00eenceteaz\u0103 s\u0103 lumineze.<\/p>\n\n\n\n<p><a href=\"https:\/\/maramures.icu\/\">Maramure\u0219 te V\u0102D \u00a9<\/a><\/p>\n","protected":false},"excerpt":{"rendered":"<p>\u00centr-o atmosfer\u0103 plin\u0103 de c\u0103ldur\u0103 \u0219i recuno\u0219tin\u021b\u0103, comunitatea literar\u0103 \u0219i cultural\u0103 a Maramure\u0219ului s\u0103rb\u0103tore\u0219te ceasul aniversar al preotului \u0219i poetului Gheorghe Pop, cu ocazia \u00eemplinirii a 80 de ani de la na\u0219terea sa, pe 15 martie 1944. N\u0103scut \u00een inima satului \u0218ugatag, comuna Ocna \u0218ugatag, jude\u021bul Maramure\u0219, Gheorghe Pop a fost binecuv\u00e2ntat cu darurile spiritualit\u0103\u021bii [&hellip;]<\/p>\n","protected":false},"author":1,"featured_media":222,"comment_status":"open","ping_status":"closed","sticky":false,"template":"","format":"standard","meta":{"footnotes":""},"categories":[3,6],"tags":[],"class_list":["post-220","post","type-post","status-publish","format-standard","has-post-thumbnail","hentry","category-maramures","category-stiri"],"_links":{"self":[{"href":"https:\/\/maramures.icu\/index.php?rest_route=\/wp\/v2\/posts\/220","targetHints":{"allow":["GET"]}}],"collection":[{"href":"https:\/\/maramures.icu\/index.php?rest_route=\/wp\/v2\/posts"}],"about":[{"href":"https:\/\/maramures.icu\/index.php?rest_route=\/wp\/v2\/types\/post"}],"author":[{"embeddable":true,"href":"https:\/\/maramures.icu\/index.php?rest_route=\/wp\/v2\/users\/1"}],"replies":[{"embeddable":true,"href":"https:\/\/maramures.icu\/index.php?rest_route=%2Fwp%2Fv2%2Fcomments&post=220"}],"version-history":[{"count":0,"href":"https:\/\/maramures.icu\/index.php?rest_route=\/wp\/v2\/posts\/220\/revisions"}],"wp:featuredmedia":[{"embeddable":true,"href":"https:\/\/maramures.icu\/index.php?rest_route=\/wp\/v2\/posts\/222"}],"wp:attachment":[{"href":"https:\/\/maramures.icu\/index.php?rest_route=%2Fwp%2Fv2%2Fmedia&parent=220"}],"wp:term":[{"taxonomy":"category","embeddable":true,"href":"https:\/\/maramures.icu\/index.php?rest_route=%2Fwp%2Fv2%2Fcategories&post=220"},{"taxonomy":"post_tag","embeddable":true,"href":"https:\/\/maramures.icu\/index.php?rest_route=%2Fwp%2Fv2%2Ftags&post=220"}],"curies":[{"name":"wp","href":"https:\/\/api.w.org\/{rel}","templated":true}]}}